{"id":32921,"date":"2024-12-12T15:47:12","date_gmt":"2024-12-12T14:47:12","guid":{"rendered":"https:\/\/www.clinicarotger.com\/?p=32921"},"modified":"2024-12-12T16:02:08","modified_gmt":"2024-12-12T15:02:08","slug":"bestbewertete-privatkliniken-der-balearen","status":"publish","type":"post","link":"https:\/\/www.clinicarotger.com\/de\/neuigkeiten-rotger-klinic\/bestbewertete-privatkliniken-der-balearen\/","title":{"rendered":"Bestbewertete Privatkliniken der Balearen"},"content":{"rendered":"\t\t<div data-elementor-type=\"wp-post\" data-elementor-id=\"32921\" class=\"elementor elementor-32921\">\n\t\t\t\t\t\t<section class=\"elementor-section elementor-top-section elementor-element elementor-element-becf2df elementor-section-boxed elementor-section-height-default elementor-section-height-default\" data-id=\"becf2df\" data-element_type=\"section\" data-e-type=\"section\">\n\t\t\t\t\t\t<div class=\"elementor-container elementor-column-gap-default\">\n\t\t\t\t\t<div class=\"elementor-column elementor-col-100 elementor-top-column elementor-element elementor-element-a557e12\" data-id=\"a557e12\" data-element_type=\"column\" data-e-type=\"column\">\n\t\t\t<div class=\"elementor-widget-wrap elementor-element-populated\">\n\t\t\t\t\t\t<div class=\"elementor-element elementor-element-fa14d44 elementor-widget elementor-widget-text-editor\" data-id=\"fa14d44\" data-element_type=\"widget\" data-e-type=\"widget\" data-widget_type=\"text-editor.default\">\n\t\t\t\t<div class=\"elementor-widget-container\">\n\t\t\t\t\t\t\t\t\t<p style=\"text-align: justify;\">Die\u00a0<strong><a href=\"https:\/\/www.clinicarotger.com\/\">Cl\u00ednica Rotger<\/a> <\/strong>und das<strong> <a href=\"https:\/\/www.quironsalud.com\/palmaplanas\" target=\"_blank\" rel=\"noopener\">Hospital Quir\u00f3nsalud Palmaplanas<\/a><\/strong>\u00a0sind laut dem von Merco erstellten Monitor de Reputaci\u00f3n Sanitaria 2024 die\u00a0<strong>bestbewerteten privaten Krankenh\u00e4user der Balearen<\/strong>. Auf nationaler Ebene liegt die Cl\u00ednica Rotger auf Platz 33 der besten Krankenh\u00e4user und das Hospital Quir\u00f3nsalud Palmaplanas auf Platz 64. Dar\u00fcber hinaus sticht in diesem Bericht der Radiodiagnose-Service der Cl\u00ednica Rotger hervor, der vor kurzem seine CT- und MRT-Ger\u00e4te erneuert hat.<\/p><p style=\"text-align: justify;\">In dem Bericht wurden die\u00a0<strong>verschiedenen \u00f6ffentlichen und privaten Gesundheitszentren unseres Landes<\/strong>\u00a0anhand von fast 9000 Befragungen von \u00c4rzten, Krankenschwestern, Patientenverb\u00e4nden, Gesundheitsjournalisten, Krankenhausmanagern, Pflegedienstleitern, Mitgliedern der \u00f6ffentlichen Gesundheitsverwaltung, Krankenhausapothekenleitern und Unternehmensleitern bewertet. Dar\u00fcber hinaus wurden mehr als 4700 klinische Dienste bewertet und anhand objektiver Indikatoren f\u00fcr Qualit\u00e4t und klinisches Management analysiert.<\/p>\t\t\t\t\t\t\t\t<\/div>\n\t\t\t\t<\/div>\n\t\t\t\t\t<\/div>\n\t\t<\/div>\n\t\t\t\t\t<\/div>\n\t\t<\/section>\n\t\t\t\t<section class=\"elementor-section elementor-top-section elementor-element elementor-element-ca96751 elementor-section-boxed elementor-section-height-default elementor-section-height-default\" data-id=\"ca96751\" data-element_type=\"section\" data-e-type=\"section\">\n\t\t\t\t\t\t<div class=\"elementor-container elementor-column-gap-default\">\n\t\t\t\t\t<div class=\"elementor-column elementor-col-100 elementor-top-column elementor-element elementor-element-b86e0f8\" data-id=\"b86e0f8\" data-element_type=\"column\" data-e-type=\"column\">\n\t\t\t<div class=\"elementor-widget-wrap elementor-element-populated\">\n\t\t\t\t\t\t<div class=\"elementor-element elementor-element-fb13c56 elementor-widget elementor-widget-image\" data-id=\"fb13c56\" data-element_type=\"widget\" data-e-type=\"widget\" data-widget_type=\"image.default\">\n\t\t\t\t<div class=\"elementor-widget-container\">\n\t\t\t\t\t\t\t\t\t\t\t\t<figure class=\"wp-caption\">\n\t\t\t\t\t\t\t\t\t\t<img fetchpriority=\"high\" decoding=\"async\" width=\"1024\" height=\"702\" src=\"https:\/\/www.clinicarotger.com\/wp-content\/uploads\/2024\/12\/Die-Krankenhauser-der-Quironsalud-Gruppe-1024x702.jpg\" class=\"attachment-large size-large wp-image-32930\" alt=\"Die Krankenhauser der Quironsalud-Gruppe\" \/>\t\t\t\t\t\t\t\t\t\t\t<figcaption class=\"widget-image-caption wp-caption-text\">Die Krankenh\u00e4user der Quir\u00f3nsalud-Gruppe, die als die besten Privatkliniken Mallorcas ausgezeichnet wurden.<\/figcaption>\n\t\t\t\t\t\t\t\t\t\t<\/figure>\n\t\t\t\t\t\t\t\t\t<\/div>\n\t\t\t\t<\/div>\n\t\t\t\t\t<\/div>\n\t\t<\/div>\n\t\t\t\t\t<\/div>\n\t\t<\/section>\n\t\t\t\t<section class=\"elementor-section elementor-top-section elementor-element elementor-element-11555c6 elementor-section-boxed elementor-section-height-default elementor-section-height-default\" data-id=\"11555c6\" data-element_type=\"section\" data-e-type=\"section\">\n\t\t\t\t\t\t<div class=\"elementor-container elementor-column-gap-default\">\n\t\t\t\t\t<div class=\"elementor-column elementor-col-100 elementor-top-column elementor-element elementor-element-a90282b\" data-id=\"a90282b\" data-element_type=\"column\" data-e-type=\"column\">\n\t\t\t<div class=\"elementor-widget-wrap elementor-element-populated\">\n\t\t\t\t\t\t<div class=\"elementor-element elementor-element-a91e2b7 elementor-widget elementor-widget-text-editor\" data-id=\"a91e2b7\" data-element_type=\"widget\" data-e-type=\"widget\" data-widget_type=\"text-editor.default\">\n\t\t\t\t<div class=\"elementor-widget-container\">\n\t\t\t\t\t\t\t\t\t<h2>Cl\u00ednica Rotger und Hospital Quir\u00f3nsalud Palmaplanas: die renommiertesten Privatkliniken der Balearen<\/h2><p class=\"western\" style=\"text-align: justify;\">Die Krankenh\u00e4user der Quir\u00f3nsalud-Gruppe belegen die Spitzenpl\u00e4tze im Ranking der Balearen. Bewertet werden unter anderem\u00a0<strong>die Reaktionsf\u00e4higkeit und die effiziente T\u00e4tigkeit des Krankenhauses<\/strong>\u00a0auf der Grundlage der verf\u00fcgbaren Ressourcen sowie die Anzahl der ambulanten Konsultationen im Verh\u00e4ltnis zur Anzahl der Fachkr\u00e4fte. Kurz gesagt, die F\u00e4higkeit, die Ressourcen zu optimieren. Ein weiterer Faktor ist die chirurgische Komplexit\u00e4t in Fachgebieten wie Neurochirurgie, Herzchirurgie, Thoraxchirurgie und der robotergest\u00fctzte Ansatz in der Urologie, Gyn\u00e4kologie, HNO-Heilkunde und allgemeinen Verdauungschirurgie.<\/p>\t\t\t\t\t\t\t\t<\/div>\n\t\t\t\t<\/div>\n\t\t\t\t\t<\/div>\n\t\t<\/div>\n\t\t\t\t\t<\/div>\n\t\t<\/section>\n\t\t\t\t<section class=\"elementor-section elementor-top-section elementor-element elementor-element-e575be6 elementor-section-boxed elementor-section-height-default elementor-section-height-default\" data-id=\"e575be6\" data-element_type=\"section\" data-e-type=\"section\">\n\t\t\t\t\t\t<div class=\"elementor-container elementor-column-gap-default\">\n\t\t\t\t\t<div class=\"elementor-column elementor-col-100 elementor-top-column elementor-element elementor-element-cad88aa\" data-id=\"cad88aa\" data-element_type=\"column\" data-e-type=\"column\">\n\t\t\t<div class=\"elementor-widget-wrap elementor-element-populated\">\n\t\t\t\t\t\t<div class=\"elementor-element elementor-element-5f6bba2 elementor-widget elementor-widget-image\" data-id=\"5f6bba2\" data-element_type=\"widget\" data-e-type=\"widget\" data-widget_type=\"image.default\">\n\t\t\t\t<div class=\"elementor-widget-container\">\n\t\t\t\t\t\t\t\t\t\t\t\t<figure class=\"wp-caption\">\n\t\t\t\t\t\t\t\t\t\t<img decoding=\"async\" width=\"1024\" height=\"669\" src=\"https:\/\/www.clinicarotger.com\/wp-content\/uploads\/2024\/12\/Roboterchirurgie-in-der-Clinica-Rotger-1024x669.png\" class=\"attachment-large size-large wp-image-32934\" alt=\"\" \/>\t\t\t\t\t\t\t\t\t\t\t<figcaption class=\"widget-image-caption wp-caption-text\">Roboterchirurgie in der Cl\u00ednica Rotger<\/figcaption>\n\t\t\t\t\t\t\t\t\t\t<\/figure>\n\t\t\t\t\t\t\t\t\t<\/div>\n\t\t\t\t<\/div>\n\t\t\t\t\t<\/div>\n\t\t<\/div>\n\t\t\t\t\t<\/div>\n\t\t<\/section>\n\t\t\t\t<section class=\"elementor-section elementor-top-section elementor-element elementor-element-e60db45 elementor-section-boxed elementor-section-height-default elementor-section-height-default\" data-id=\"e60db45\" data-element_type=\"section\" data-e-type=\"section\">\n\t\t\t\t\t\t<div class=\"elementor-container elementor-column-gap-default\">\n\t\t\t\t\t<div class=\"elementor-column elementor-col-100 elementor-top-column elementor-element elementor-element-c1d8b62\" data-id=\"c1d8b62\" data-element_type=\"column\" data-e-type=\"column\">\n\t\t\t<div class=\"elementor-widget-wrap elementor-element-populated\">\n\t\t\t\t\t\t<div class=\"elementor-element elementor-element-35b96f4 elementor-widget elementor-widget-text-editor\" data-id=\"35b96f4\" data-element_type=\"widget\" data-e-type=\"widget\" data-widget_type=\"text-editor.default\">\n\t\t\t\t<div class=\"elementor-widget-container\">\n\t\t\t\t\t\t\t\t\t<p style=\"text-align: justify;\">Zudem hat die Abteilung f\u00fcr robotergest\u00fctzte Chirurgie der Cl\u00ednica Rotger und des Krankenhauses Quir\u00f3nsalud Palmaplanas<strong>\u00a0die Zahl von 100 robotergest\u00fctzten Operationen in der privaten Gesundheitsversorgung auf den Inseln \u00fcbertroffen<\/strong>. Zu den robotergest\u00fctzten Eingriffen geh\u00f6ren Operationen an der Prostata, bei denen die Pr\u00e4zision des Chirurgen entscheidend f\u00fcr den Erhalt der Kontrolle \u00fcber das Wasserlassen und die Sexualfunktion ist, sowie einige bahnbrechende Eingriffe in der allgemeinen Verdauungschirurgie auf den Balearen, wie der erste robotergest\u00fctzte Magenbypass\u201c oder die erste robotergest\u00fctzte Achalasie. Hinzu kommen robotergest\u00fctzte Ans\u00e4tze f\u00fcr die chirurgische Behandlung von Schlafapnoe in der Hals-Nasen-Ohren-Heilkunde und robotergest\u00fctzte gyn\u00e4kologische Eingriffe. Dar\u00fcber hinaus hat die Abteilung k\u00fcrzlich die robotergest\u00fctzte Leber-, Gallen- und Pankreaschirurgie eingef\u00fchrt. Insgesamt bietet der robotergest\u00fctzte Ansatz bei all diesen Eingriffen die M\u00f6glichkeit, komplexere Operationen mit gr\u00f6\u00dferer Pr\u00e4zision, mehr Sicherheit und einer besseren und schnelleren Genesung des Patienten durchzuf\u00fchren.<\/p><p style=\"text-align: justify;\">Der Zugang zur Roboterplattform erfordert von jedem Chirurgen\u00a0<strong>umfangreiche chirurgische Vorerfahrungen<\/strong>, eine spezielle formale Ausbildung und besondere technische F\u00e4higkeiten. Auf diese Weise wird die Abteilung f\u00fcr robotergest\u00fctzte Chirurgie der Cl\u00ednica Rotger und des Hospitals Quir\u00f3nsalud Palmaplanas zu einem Anziehungspunkt f\u00fcr die besten Spezialisten der Gemeinde, die f\u00fcr den Patienten auf einfache Weise zug\u00e4nglich sind.<\/p>\t\t\t\t\t\t\t\t<\/div>\n\t\t\t\t<\/div>\n\t\t\t\t\t<\/div>\n\t\t<\/div>\n\t\t\t\t\t<\/div>\n\t\t<\/section>\n\t\t\t\t<section class=\"elementor-section elementor-top-section elementor-element elementor-element-7ee980c elementor-section-boxed elementor-section-height-default elementor-section-height-default\" data-id=\"7ee980c\" data-element_type=\"section\" data-e-type=\"section\">\n\t\t\t\t\t\t<div class=\"elementor-container elementor-column-gap-default\">\n\t\t\t\t\t<div class=\"elementor-column elementor-col-100 elementor-top-column elementor-element elementor-element-acdd53f\" data-id=\"acdd53f\" data-element_type=\"column\" data-e-type=\"column\">\n\t\t\t<div class=\"elementor-widget-wrap elementor-element-populated\">\n\t\t\t\t\t\t<div class=\"elementor-element elementor-element-9506ac4 elementor-widget elementor-widget-image\" data-id=\"9506ac4\" data-element_type=\"widget\" data-e-type=\"widget\" data-widget_type=\"image.default\">\n\t\t\t\t<div class=\"elementor-widget-container\">\n\t\t\t\t\t\t\t\t\t\t\t\t<figure class=\"wp-caption\">\n\t\t\t\t\t\t\t\t\t\t<img decoding=\"async\" width=\"1024\" height=\"683\" src=\"https:\/\/www.clinicarotger.com\/wp-content\/uploads\/2024\/12\/Ein-Teil-des-Teams-der-Abteilung-fur-robotergestutzte-Chirurgie-1024x683.jpg\" class=\"attachment-large size-large wp-image-32938\" alt=\"Ein Teil des Teams der Abteilung fur robotergestutzte Chirurgie.\" \/>\t\t\t\t\t\t\t\t\t\t\t<figcaption class=\"widget-image-caption wp-caption-text\">Ein Teil des Teams der Abteilung f\u00fcr robotergest\u00fctzte Chirurgie<\/figcaption>\n\t\t\t\t\t\t\t\t\t\t<\/figure>\n\t\t\t\t\t\t\t\t\t<\/div>\n\t\t\t\t<\/div>\n\t\t\t\t\t<\/div>\n\t\t<\/div>\n\t\t\t\t\t<\/div>\n\t\t<\/section>\n\t\t\t\t<section class=\"elementor-section elementor-top-section elementor-element elementor-element-1250838 elementor-section-boxed elementor-section-height-default elementor-section-height-default\" data-id=\"1250838\" data-element_type=\"section\" data-e-type=\"section\">\n\t\t\t\t\t\t<div class=\"elementor-container elementor-column-gap-default\">\n\t\t\t\t\t<div class=\"elementor-column elementor-col-100 elementor-top-column elementor-element elementor-element-b851f6d\" data-id=\"b851f6d\" data-element_type=\"column\" data-e-type=\"column\">\n\t\t\t<div class=\"elementor-widget-wrap elementor-element-populated\">\n\t\t\t\t\t\t<div class=\"elementor-element elementor-element-1db2ddc elementor-widget elementor-widget-text-editor\" data-id=\"1db2ddc\" data-element_type=\"widget\" data-e-type=\"widget\" data-widget_type=\"text-editor.default\">\n\t\t\t\t<div class=\"elementor-widget-container\">\n\t\t\t\t\t\t\t\t\t<h2>Wegweisende Operationen<\/h2><p style=\"text-align: justify;\">Die Chirurgen der Quir\u00f3nsalud-Gruppe auf den Balearen haben auch chirurgische Techniken mit innovativen Ans\u00e4tzen eingef\u00fchrt, die\u00a0<strong>das Endergebnis f\u00fcr den Patienten verbessern<\/strong>. So hat der traumatologische Dienst des Krankenhauses Quir\u00f3nsalud Palmaplanas bahnbrechende Schulter- und Handoperationen auf den Balearen durchgef\u00fchrt. Das Team von Dr. Carmen Gasc\u00f3n und Dr. \u00c1lvaro Colino hat sich mit den Nachwirkungen eines Knochenbruchs der Speiche befasst, der sich schlecht entwickelt hat und bei dem es zu Komplikationen aufgrund der Verschiebung des Bruchs kam.<\/p><p style=\"text-align: justify;\">Es handelt sich um eine Operation, bei der die Deformit\u00e4t aufgrund von Folgeerscheinungen behandelt und durch eine Speichenosteotomie korrigiert wird.\u00a0<strong>Dr. Carmen Gasc\u00f3n<\/strong>\u00a0erkl\u00e4rt: \u201eAuf der Grundlage eines CT-Scans, bei dem der gesunde Speichenknochen als Probe genommen wird, wird eine Simulation des Knochens mit der Deformit\u00e4t erstellt und eine nachgebildete Form angefertigt, die uns als Modell f\u00fcr die Rekonstruktion der Anatomie des betroffenen Handgelenks dient. Es handelt sich um eine Technik, die f\u00fcr den Patienten hervorragende Ergebnisse bringt.<\/p>\t\t\t\t\t\t\t\t<\/div>\n\t\t\t\t<\/div>\n\t\t\t\t\t<\/div>\n\t\t<\/div>\n\t\t\t\t\t<\/div>\n\t\t<\/section>\n\t\t\t\t<section class=\"elementor-section elementor-top-section elementor-element elementor-element-d17afb3 elementor-section-boxed elementor-section-height-default elementor-section-height-default\" data-id=\"d17afb3\" data-element_type=\"section\" data-e-type=\"section\">\n\t\t\t\t\t\t<div class=\"elementor-container elementor-column-gap-default\">\n\t\t\t\t\t<div class=\"elementor-column elementor-col-100 elementor-top-column elementor-element elementor-element-dc315eb\" data-id=\"dc315eb\" data-element_type=\"column\" data-e-type=\"column\">\n\t\t\t<div class=\"elementor-widget-wrap elementor-element-populated\">\n\t\t\t\t\t\t<div class=\"elementor-element elementor-element-29a6ee7 elementor-widget elementor-widget-image\" data-id=\"29a6ee7\" data-element_type=\"widget\" data-e-type=\"widget\" data-widget_type=\"image.default\">\n\t\t\t\t<div class=\"elementor-widget-container\">\n\t\t\t\t\t\t\t\t\t\t\t\t<figure class=\"wp-caption\">\n\t\t\t\t\t\t\t\t\t\t<img loading=\"lazy\" decoding=\"async\" width=\"1024\" height=\"683\" src=\"https:\/\/www.clinicarotger.com\/wp-content\/uploads\/2024\/12\/Rontgendiagnose-Team-in-der-Clinica-Rotger-1024x683.jpg\" class=\"attachment-large size-large wp-image-32942\" alt=\"Rontgendiagnose-Team in der Clinica Rotger.\" \/>\t\t\t\t\t\t\t\t\t\t\t<figcaption class=\"widget-image-caption wp-caption-text\">R\u00f6ntgendiagnose-Team in der Cl\u00ednica Rotger<\/figcaption>\n\t\t\t\t\t\t\t\t\t\t<\/figure>\n\t\t\t\t\t\t\t\t\t<\/div>\n\t\t\t\t<\/div>\n\t\t\t\t\t<\/div>\n\t\t<\/div>\n\t\t\t\t\t<\/div>\n\t\t<\/section>\n\t\t\t\t<section class=\"elementor-section elementor-top-section elementor-element elementor-element-5182016 elementor-section-boxed elementor-section-height-default elementor-section-height-default\" data-id=\"5182016\" data-element_type=\"section\" data-e-type=\"section\">\n\t\t\t\t\t\t<div class=\"elementor-container elementor-column-gap-default\">\n\t\t\t\t\t<div class=\"elementor-column elementor-col-100 elementor-top-column elementor-element elementor-element-f564cad\" data-id=\"f564cad\" data-element_type=\"column\" data-e-type=\"column\">\n\t\t\t<div class=\"elementor-widget-wrap elementor-element-populated\">\n\t\t\t\t\t\t<div class=\"elementor-element elementor-element-6a1ae0e elementor-widget elementor-widget-text-editor\" data-id=\"6a1ae0e\" data-element_type=\"widget\" data-e-type=\"widget\" data-widget_type=\"text-editor.default\">\n\t\t\t\t<div class=\"elementor-widget-container\">\n\t\t\t\t\t\t\t\t\t<h2 style=\"text-align: left;\">Hochkomplexer Prothesenwechsel im Krankenhaus Quir\u00f3nsalud Palmaplanas<\/h2><p style=\"text-align: justify;\">Es handelt sich um eine hochkomplexe Operation, die ein<strong>\u00a0gro\u00dfes Team von Spezialisten und strenge aseptische Ma\u00dfnahmen<\/strong>\u00a0erfordert. Die Operation, bei der eine chronisch infizierte Schulterprothese ersetzt wird, erfordert zwei chirurgische Schritte. Wie Dr. \u00c1lvaro Colino erkl\u00e4rt, wird zur Durchf\u00fchrung der Operation \u201ein einem ersten Schritt die infizierte Prothese entfernt, das gesamte erkrankte Gewebe entnommen und ein Distanzst\u00fcck, ein Zementblock mit Antibiotikum, eingesetzt\u201c. Au\u00dferdem erh\u00e4lt der Patient \u00fcber einen Zeitraum von sechs bis acht Wochen orale und intraven\u00f6se Antibiotika, die spezifisch f\u00fcr die gez\u00fcchtete Keime sind. Nach Ablauf dieser Zeit und der Best\u00e4tigung, dass keine Infektion vorliegt, erfolgt ein zweiter chirurgischer Eingriff, bei dem der Spacer entfernt und die endg\u00fcltige Prothese implantiert wird. Wie Dr. Colino erkl\u00e4rt, \u201ebeseitigen wir mit diesem zweizeitigen Eingriff die Infektion und verbessern die Funktionalit\u00e4t der Schulter, indem wir die Schmerzen beseitigen\u201c.<\/p><p style=\"text-align: justify;\">Der traumatologische Dienst der Cl\u00ednica Rotger hat seinerseits Pionierarbeit beim Einsatz eines\u00a0<strong>hochpr\u00e4zisen Interventionsplaners<\/strong>\u00a0geleistet, der auf der Grundlage eines R\u00f6ntgenbildes die Operation plant und den Spezialisten bei der Wahl der Gr\u00f6\u00dfe der am besten geeigneten Prothese f\u00fcr jeden Patienten unterst\u00fctzt. Laut Dr. Lu\u00eds Camacho, Leiter der Abteilung f\u00fcr Traumatologie und orthop\u00e4dische Chirurgie, \u201eist die chirurgische Planung derzeit die Grundlage f\u00fcr eine erfolgreiche Operation. Dieser Planer ist vor allem bei Schulter-, H\u00fcft- und Knieprothesenoperationen sowie bei der Reposition von Frakturen n\u00fctzlich, da er es uns erm\u00f6glicht, die korrekte Platzierung sicherzustellen und die Auswahl der f\u00fcr jeden Patienten erforderlichen Prothesengr\u00f6\u00dfe so weit wie m\u00f6glich anzupassen\u201c.<\/p><p style=\"text-align: justify;\">Die Spezialisten des HNO-Dienstes der Cl\u00ednica Rotger haben auch\u00a0<strong>Cochlea-Implantat-Operationen<\/strong>\u00a0durchgef\u00fchrt, mit denen in einigen F\u00e4llen eine hochgradige Taubheit bei Kindern oder Erwachsenen behoben werden kann.<\/p><p style=\"text-align: justify;\">Ein weiterer Parameter, der die Cl\u00ednica Rotger und das Hospital Quir\u00f3nsalud Palmaplanas zu den f\u00fchrenden privaten Zentren der Balearen macht, ist die kontinuierliche Arbeit und Kapazit\u00e4t der zentralen Radiodiagnostik- und Labordienste, die den Fach\u00e4rzten eine\u00a0<strong>schnelle und genaue Diagnose<\/strong>\u00a0erm\u00f6glichen. In diesem Zusammenhang hebt der Merco Report die Radiologie der Cl\u00ednica Rotger auf den Balearen hervor, die vor kurzem ihre CT- und MRT-Ger\u00e4te aktualisiert hat. Das Krankenhaus Quir\u00f3nsalud Palmaplanas hat ebenfalls seine gesamte technologische Ausr\u00fcstung erneuert und verf\u00fcgt nun \u00fcber einen 3Tesla-MRT. Schlie\u00dflich zeichnet sich auch die Notaufnahme durch eine hohe diagnostische Reaktionsf\u00e4higkeit und eine hochkomplexe Versorgung mit den Protokollen Ictus Code, Infarkt Code und TEP Code (Lungenemboliebehandlung) aus.<\/p><div id=\"entreparrafos\" class=\"entre-parrafos\" style=\"text-align: justify;\">\u00a0<\/div><p style=\"text-align: justify;\">Insgesamt haben die Quir\u00f3nsalud-Zentren auf den Balearen<strong>\u00a0in der Rangliste des von Merco erstellten Berichts hervorragende Platzierungen erreicht<\/strong>, und zwar aufgrund ihrer hohen Versorgungskapazit\u00e4ten, ihrer Schnelligkeit und Pr\u00e4zision bei der Diagnose und der hohen Komplexit\u00e4t der Eingriffe in ihren chirurgischen Bereichen, die mit den modernsten Ger\u00e4ten f\u00fcr die Roboterchirurgie ausgestattet sind.<\/p>\t\t\t\t\t\t\t\t<\/div>\n\t\t\t\t<\/div>\n\t\t\t\t\t<\/div>\n\t\t<\/div>\n\t\t\t\t\t<\/div>\n\t\t<\/section>\n\t\t\t\t<\/div>\n\t\t","protected":false},"excerpt":{"rendered":"<p>Die Cl\u00ednica Rotger und das Hospital Quir\u00f3nsalud Palmaplanas sind laut dem von Merco erstellten Monitor de Reputaci\u00f3n Sanitaria 2024&#8230;<\/p>\n","protected":false},"author":2,"featured_media":32966,"comment_status":"closed","ping_status":"closed","sticky":false,"template":"","format":"standard","meta":{"_price":"","_stock":"","_tribe_ticket_header":"","_tribe_default_ticket_provider":"","_tribe_ticket_capacity":"0","_ticket_start_date":"","_ticket_end_date":"","_tribe_ticket_show_description":"","_tribe_ticket_show_not_going":false,"_tribe_ticket_use_global_stock":"","_tribe_ticket_global_stock_level":"","_global_stock_mode":"","_global_stock_cap":"","_tribe_rsvp_for_event":"","_tribe_ticket_going_count":"","_tribe_ticket_not_going_count":"","_tribe_tickets_list":"[]","_tribe_ticket_has_attendee_info_fields":false,"footnotes":""},"categories":[335],"tags":[],"class_list":["post-32921","post","type-post","status-publish","format-standard","has-post-thumbnail","hentry","category-neuigkeiten-rotger-klinic"],"yoast_head":"<!-- This site is optimized with the Yoast SEO plugin v26.8 - https:\/\/yoast.com\/product\/yoast-seo-wordpress\/ -->\n<title>Bestbewertete Privatkliniken der Balearen | Rotger Klinik<\/title>\n<meta name=\"description\" content=\"Cl\u00ednica Rotger und Hospital Quir\u00f3nsalud Palmaplanas: Bestbewertete Privatkliniken der Balearen...\" \/>\n<meta name=\"robots\" content=\"index, follow, max-snippet:-1, max-image-preview:large, max-video-preview:-1\" \/>\n<link rel=\"canonical\" href=\"https:\/\/www.clinicarotger.com\/de\/neuigkeiten-rotger-klinic\/bestbewertete-privatkliniken-der-balearen\/\" \/>\n<meta property=\"og:locale\" content=\"de_DE\" \/>\n<meta property=\"og:type\" content=\"article\" \/>\n<meta property=\"og:title\" content=\"Bestbewertete Privatkliniken der Balearen | Rotger Klinik\" \/>\n<meta property=\"og:description\" content=\"Cl\u00ednica Rotger und Hospital Quir\u00f3nsalud Palmaplanas: Bestbewertete Privatkliniken der Balearen...\" \/>\n<meta property=\"og:url\" content=\"https:\/\/www.clinicarotger.com\/de\/neuigkeiten-rotger-klinic\/bestbewertete-privatkliniken-der-balearen\/\" \/>\n<meta property=\"og:site_name\" content=\"Clinica Rotger\" \/>\n<meta property=\"article:publisher\" content=\"https:\/\/www.facebook.com\/clinica.rotger\/\" \/>\n<meta property=\"article:published_time\" content=\"2024-12-12T14:47:12+00:00\" \/>\n<meta property=\"article:modified_time\" content=\"2024-12-12T15:02:08+00:00\" \/>\n<meta property=\"og:image\" content=\"https:\/\/www.clinicarotger.com\/wp-content\/uploads\/2024\/12\/Gebaude-der-Rotger-Klinik-im-Zentrum-Palmas_3.jpg\" \/>\n\t<meta property=\"og:image:width\" content=\"1600\" \/>\n\t<meta property=\"og:image:height\" content=\"500\" \/>\n\t<meta property=\"og:image:type\" content=\"image\/jpeg\" \/>\n<meta name=\"author\" content=\"Javier Ferrer\" \/>\n<meta name=\"twitter:card\" content=\"summary_large_image\" \/>\n<meta name=\"twitter:creator\" content=\"@clinicarotger\" \/>\n<meta name=\"twitter:site\" content=\"@clinicarotger\" \/>\n<meta name=\"twitter:label1\" content=\"Verfasst von\" \/>\n\t<meta name=\"twitter:data1\" content=\"Javier Ferrer\" \/>\n\t<meta name=\"twitter:label2\" content=\"Gesch\u00e4tzte Lesezeit\" \/>\n\t<meta name=\"twitter:data2\" content=\"6\u00a0Minuten\" \/>\n<script type=\"application\/ld+json\" class=\"yoast-schema-graph\">{\"@context\":\"https:\/\/schema.org\",\"@graph\":[{\"@type\":\"Article\",\"@id\":\"https:\/\/www.clinicarotger.com\/de\/neuigkeiten-rotger-klinic\/bestbewertete-privatkliniken-der-balearen\/#article\",\"isPartOf\":{\"@id\":\"https:\/\/www.clinicarotger.com\/de\/neuigkeiten-rotger-klinic\/bestbewertete-privatkliniken-der-balearen\/\"},\"author\":{\"name\":\"Javier Ferrer\",\"@id\":\"https:\/\/www.clinicarotger.com\/de\/#\/schema\/person\/34f551bfa19f352a9794604eac5407ef\"},\"headline\":\"Bestbewertete Privatkliniken der Balearen\",\"datePublished\":\"2024-12-12T14:47:12+00:00\",\"dateModified\":\"2024-12-12T15:02:08+00:00\",\"mainEntityOfPage\":{\"@id\":\"https:\/\/www.clinicarotger.com\/de\/neuigkeiten-rotger-klinic\/bestbewertete-privatkliniken-der-balearen\/\"},\"wordCount\":1143,\"publisher\":{\"@id\":\"https:\/\/www.clinicarotger.com\/de\/#organization\"},\"image\":{\"@id\":\"https:\/\/www.clinicarotger.com\/de\/neuigkeiten-rotger-klinic\/bestbewertete-privatkliniken-der-balearen\/#primaryimage\"},\"thumbnailUrl\":\"https:\/\/www.clinicarotger.com\/wp-content\/uploads\/2024\/12\/Gebaude-der-Rotger-Klinik-im-Zentrum-Palmas_3.jpg\",\"articleSection\":[\"Neuigkeiten Rotger Klinic\"],\"inLanguage\":\"de\"},{\"@type\":\"WebPage\",\"@id\":\"https:\/\/www.clinicarotger.com\/de\/neuigkeiten-rotger-klinic\/bestbewertete-privatkliniken-der-balearen\/\",\"url\":\"https:\/\/www.clinicarotger.com\/de\/neuigkeiten-rotger-klinic\/bestbewertete-privatkliniken-der-balearen\/\",\"name\":\"Bestbewertete Privatkliniken der Balearen | Rotger Klinik\",\"isPartOf\":{\"@id\":\"https:\/\/www.clinicarotger.com\/de\/#website\"},\"primaryImageOfPage\":{\"@id\":\"https:\/\/www.clinicarotger.com\/de\/neuigkeiten-rotger-klinic\/bestbewertete-privatkliniken-der-balearen\/#primaryimage\"},\"image\":{\"@id\":\"https:\/\/www.clinicarotger.com\/de\/neuigkeiten-rotger-klinic\/bestbewertete-privatkliniken-der-balearen\/#primaryimage\"},\"thumbnailUrl\":\"https:\/\/www.clinicarotger.com\/wp-content\/uploads\/2024\/12\/Gebaude-der-Rotger-Klinik-im-Zentrum-Palmas_3.jpg\",\"datePublished\":\"2024-12-12T14:47:12+00:00\",\"dateModified\":\"2024-12-12T15:02:08+00:00\",\"description\":\"Cl\u00ednica Rotger und Hospital Quir\u00f3nsalud Palmaplanas: Bestbewertete Privatkliniken der Balearen...\",\"breadcrumb\":{\"@id\":\"https:\/\/www.clinicarotger.com\/de\/neuigkeiten-rotger-klinic\/bestbewertete-privatkliniken-der-balearen\/#breadcrumb\"},\"inLanguage\":\"de\",\"potentialAction\":[{\"@type\":\"ReadAction\",\"target\":[\"https:\/\/www.clinicarotger.com\/de\/neuigkeiten-rotger-klinic\/bestbewertete-privatkliniken-der-balearen\/\"]}]},{\"@type\":\"ImageObject\",\"inLanguage\":\"de\",\"@id\":\"https:\/\/www.clinicarotger.com\/de\/neuigkeiten-rotger-klinic\/bestbewertete-privatkliniken-der-balearen\/#primaryimage\",\"url\":\"https:\/\/www.clinicarotger.com\/wp-content\/uploads\/2024\/12\/Gebaude-der-Rotger-Klinik-im-Zentrum-Palmas_3.jpg\",\"contentUrl\":\"https:\/\/www.clinicarotger.com\/wp-content\/uploads\/2024\/12\/Gebaude-der-Rotger-Klinik-im-Zentrum-Palmas_3.jpg\",\"width\":1600,\"height\":500,\"caption\":\"Gebaude der Rotger-Klinik im Zentrum Palmas\"},{\"@type\":\"BreadcrumbList\",\"@id\":\"https:\/\/www.clinicarotger.com\/de\/neuigkeiten-rotger-klinic\/bestbewertete-privatkliniken-der-balearen\/#breadcrumb\",\"itemListElement\":[{\"@type\":\"ListItem\",\"position\":1,\"name\":\"Inicio\",\"item\":\"https:\/\/www.clinicarotger.com\/de\/\"},{\"@type\":\"ListItem\",\"position\":2,\"name\":\"Bestbewertete Privatkliniken der Balearen\"}]},{\"@type\":\"WebSite\",\"@id\":\"https:\/\/www.clinicarotger.com\/de\/#website\",\"url\":\"https:\/\/www.clinicarotger.com\/de\/\",\"name\":\"Clinica Rotger\",\"description\":\"Krankenhaus Mallorca\",\"publisher\":{\"@id\":\"https:\/\/www.clinicarotger.com\/de\/#organization\"},\"potentialAction\":[{\"@type\":\"SearchAction\",\"target\":{\"@type\":\"EntryPoint\",\"urlTemplate\":\"https:\/\/www.clinicarotger.com\/de\/?s={search_term_string}\"},\"query-input\":{\"@type\":\"PropertyValueSpecification\",\"valueRequired\":true,\"valueName\":\"search_term_string\"}}],\"inLanguage\":\"de\"},{\"@type\":\"Organization\",\"@id\":\"https:\/\/www.clinicarotger.com\/de\/#organization\",\"name\":\"Cl\u00ednica Rotger\",\"url\":\"https:\/\/www.clinicarotger.com\/de\/\",\"logo\":{\"@type\":\"ImageObject\",\"inLanguage\":\"de\",\"@id\":\"https:\/\/www.clinicarotger.com\/de\/#\/schema\/logo\/image\/\",\"url\":\"https:\/\/www.clinicarotger.com\/wp-content\/uploads\/2019\/11\/clinica-rotger-logo-top.png\",\"contentUrl\":\"https:\/\/www.clinicarotger.com\/wp-content\/uploads\/2019\/11\/clinica-rotger-logo-top.png\",\"width\":324,\"height\":104,\"caption\":\"Cl\u00ednica Rotger\"},\"image\":{\"@id\":\"https:\/\/www.clinicarotger.com\/de\/#\/schema\/logo\/image\/\"},\"sameAs\":[\"https:\/\/www.facebook.com\/clinica.rotger\/\",\"https:\/\/x.com\/clinicarotger\",\"https:\/\/twitter.com\/clinicarotger\",\"https:\/\/www.instagram.com\/quironsalud\/\",\"https:\/\/www.youtube.com\/channel\/UC1Xp5xg-r2Au-kQdIorviwg\"]},{\"@type\":\"Person\",\"@id\":\"https:\/\/www.clinicarotger.com\/de\/#\/schema\/person\/34f551bfa19f352a9794604eac5407ef\",\"name\":\"Javier Ferrer\",\"sameAs\":[\"http:\/\/weyketing.com\"]}]}<\/script>\n<!-- \/ Yoast SEO plugin. -->","yoast_head_json":{"title":"Bestbewertete Privatkliniken der Balearen | Rotger Klinik","description":"Cl\u00ednica Rotger und Hospital Quir\u00f3nsalud Palmaplanas: Bestbewertete Privatkliniken der Balearen...","robots":{"index":"index","follow":"follow","max-snippet":"max-snippet:-1","max-image-preview":"max-image-preview:large","max-video-preview":"max-video-preview:-1"},"canonical":"https:\/\/www.clinicarotger.com\/de\/neuigkeiten-rotger-klinic\/bestbewertete-privatkliniken-der-balearen\/","og_locale":"de_DE","og_type":"article","og_title":"Bestbewertete Privatkliniken der Balearen | Rotger Klinik","og_description":"Cl\u00ednica Rotger und Hospital Quir\u00f3nsalud Palmaplanas: Bestbewertete Privatkliniken der Balearen...","og_url":"https:\/\/www.clinicarotger.com\/de\/neuigkeiten-rotger-klinic\/bestbewertete-privatkliniken-der-balearen\/","og_site_name":"Clinica Rotger","article_publisher":"https:\/\/www.facebook.com\/clinica.rotger\/","article_published_time":"2024-12-12T14:47:12+00:00","article_modified_time":"2024-12-12T15:02:08+00:00","og_image":[{"width":1600,"height":500,"url":"https:\/\/www.clinicarotger.com\/wp-content\/uploads\/2024\/12\/Gebaude-der-Rotger-Klinik-im-Zentrum-Palmas_3.jpg","type":"image\/jpeg"}],"author":"Javier Ferrer","twitter_card":"summary_large_image","twitter_creator":"@clinicarotger","twitter_site":"@clinicarotger","twitter_misc":{"Verfasst von":"Javier Ferrer","Gesch\u00e4tzte Lesezeit":"6\u00a0Minuten"},"schema":{"@context":"https:\/\/schema.org","@graph":[{"@type":"Article","@id":"https:\/\/www.clinicarotger.com\/de\/neuigkeiten-rotger-klinic\/bestbewertete-privatkliniken-der-balearen\/#article","isPartOf":{"@id":"https:\/\/www.clinicarotger.com\/de\/neuigkeiten-rotger-klinic\/bestbewertete-privatkliniken-der-balearen\/"},"author":{"name":"Javier Ferrer","@id":"https:\/\/www.clinicarotger.com\/de\/#\/schema\/person\/34f551bfa19f352a9794604eac5407ef"},"headline":"Bestbewertete Privatkliniken der Balearen","datePublished":"2024-12-12T14:47:12+00:00","dateModified":"2024-12-12T15:02:08+00:00","mainEntityOfPage":{"@id":"https:\/\/www.clinicarotger.com\/de\/neuigkeiten-rotger-klinic\/bestbewertete-privatkliniken-der-balearen\/"},"wordCount":1143,"publisher":{"@id":"https:\/\/www.clinicarotger.com\/de\/#organization"},"image":{"@id":"https:\/\/www.clinicarotger.com\/de\/neuigkeiten-rotger-klinic\/bestbewertete-privatkliniken-der-balearen\/#primaryimage"},"thumbnailUrl":"https:\/\/www.clinicarotger.com\/wp-content\/uploads\/2024\/12\/Gebaude-der-Rotger-Klinik-im-Zentrum-Palmas_3.jpg","articleSection":["Neuigkeiten Rotger Klinic"],"inLanguage":"de"},{"@type":"WebPage","@id":"https:\/\/www.clinicarotger.com\/de\/neuigkeiten-rotger-klinic\/bestbewertete-privatkliniken-der-balearen\/","url":"https:\/\/www.clinicarotger.com\/de\/neuigkeiten-rotger-klinic\/bestbewertete-privatkliniken-der-balearen\/","name":"Bestbewertete Privatkliniken der Balearen | Rotger Klinik","isPartOf":{"@id":"https:\/\/www.clinicarotger.com\/de\/#website"},"primaryImageOfPage":{"@id":"https:\/\/www.clinicarotger.com\/de\/neuigkeiten-rotger-klinic\/bestbewertete-privatkliniken-der-balearen\/#primaryimage"},"image":{"@id":"https:\/\/www.clinicarotger.com\/de\/neuigkeiten-rotger-klinic\/bestbewertete-privatkliniken-der-balearen\/#primaryimage"},"thumbnailUrl":"https:\/\/www.clinicarotger.com\/wp-content\/uploads\/2024\/12\/Gebaude-der-Rotger-Klinik-im-Zentrum-Palmas_3.jpg","datePublished":"2024-12-12T14:47:12+00:00","dateModified":"2024-12-12T15:02:08+00:00","description":"Cl\u00ednica Rotger und Hospital Quir\u00f3nsalud Palmaplanas: Bestbewertete Privatkliniken der Balearen...","breadcrumb":{"@id":"https:\/\/www.clinicarotger.com\/de\/neuigkeiten-rotger-klinic\/bestbewertete-privatkliniken-der-balearen\/#breadcrumb"},"inLanguage":"de","potentialAction":[{"@type":"ReadAction","target":["https:\/\/www.clinicarotger.com\/de\/neuigkeiten-rotger-klinic\/bestbewertete-privatkliniken-der-balearen\/"]}]},{"@type":"ImageObject","inLanguage":"de","@id":"https:\/\/www.clinicarotger.com\/de\/neuigkeiten-rotger-klinic\/bestbewertete-privatkliniken-der-balearen\/#primaryimage","url":"https:\/\/www.clinicarotger.com\/wp-content\/uploads\/2024\/12\/Gebaude-der-Rotger-Klinik-im-Zentrum-Palmas_3.jpg","contentUrl":"https:\/\/www.clinicarotger.com\/wp-content\/uploads\/2024\/12\/Gebaude-der-Rotger-Klinik-im-Zentrum-Palmas_3.jpg","width":1600,"height":500,"caption":"Gebaude der Rotger-Klinik im Zentrum Palmas"},{"@type":"BreadcrumbList","@id":"https:\/\/www.clinicarotger.com\/de\/neuigkeiten-rotger-klinic\/bestbewertete-privatkliniken-der-balearen\/#breadcrumb","itemListElement":[{"@type":"ListItem","position":1,"name":"Inicio","item":"https:\/\/www.clinicarotger.com\/de\/"},{"@type":"ListItem","position":2,"name":"Bestbewertete Privatkliniken der Balearen"}]},{"@type":"WebSite","@id":"https:\/\/www.clinicarotger.com\/de\/#website","url":"https:\/\/www.clinicarotger.com\/de\/","name":"Clinica Rotger","description":"Krankenhaus Mallorca","publisher":{"@id":"https:\/\/www.clinicarotger.com\/de\/#organization"},"potentialAction":[{"@type":"SearchAction","target":{"@type":"EntryPoint","urlTemplate":"https:\/\/www.clinicarotger.com\/de\/?s={search_term_string}"},"query-input":{"@type":"PropertyValueSpecification","valueRequired":true,"valueName":"search_term_string"}}],"inLanguage":"de"},{"@type":"Organization","@id":"https:\/\/www.clinicarotger.com\/de\/#organization","name":"Cl\u00ednica Rotger","url":"https:\/\/www.clinicarotger.com\/de\/","logo":{"@type":"ImageObject","inLanguage":"de","@id":"https:\/\/www.clinicarotger.com\/de\/#\/schema\/logo\/image\/","url":"https:\/\/www.clinicarotger.com\/wp-content\/uploads\/2019\/11\/clinica-rotger-logo-top.png","contentUrl":"https:\/\/www.clinicarotger.com\/wp-content\/uploads\/2019\/11\/clinica-rotger-logo-top.png","width":324,"height":104,"caption":"Cl\u00ednica Rotger"},"image":{"@id":"https:\/\/www.clinicarotger.com\/de\/#\/schema\/logo\/image\/"},"sameAs":["https:\/\/www.facebook.com\/clinica.rotger\/","https:\/\/x.com\/clinicarotger","https:\/\/twitter.com\/clinicarotger","https:\/\/www.instagram.com\/quironsalud\/","https:\/\/www.youtube.com\/channel\/UC1Xp5xg-r2Au-kQdIorviwg"]},{"@type":"Person","@id":"https:\/\/www.clinicarotger.com\/de\/#\/schema\/person\/34f551bfa19f352a9794604eac5407ef","name":"Javier Ferrer","sameAs":["http:\/\/weyketing.com"]}]}},"_links":{"self":[{"href":"https:\/\/www.clinicarotger.com\/de\/wp-json\/wp\/v2\/posts\/32921","targetHints":{"allow":["GET"]}}],"collection":[{"href":"https:\/\/www.clinicarotger.com\/de\/wp-json\/wp\/v2\/posts"}],"about":[{"href":"https:\/\/www.clinicarotger.com\/de\/wp-json\/wp\/v2\/types\/post"}],"author":[{"embeddable":true,"href":"https:\/\/www.clinicarotger.com\/de\/wp-json\/wp\/v2\/users\/2"}],"replies":[{"embeddable":true,"href":"https:\/\/www.clinicarotger.com\/de\/wp-json\/wp\/v2\/comments?post=32921"}],"version-history":[{"count":9,"href":"https:\/\/www.clinicarotger.com\/de\/wp-json\/wp\/v2\/posts\/32921\/revisions"}],"predecessor-version":[{"id":32962,"href":"https:\/\/www.clinicarotger.com\/de\/wp-json\/wp\/v2\/posts\/32921\/revisions\/32962"}],"wp:featuredmedia":[{"embeddable":true,"href":"https:\/\/www.clinicarotger.com\/de\/wp-json\/wp\/v2\/media\/32966"}],"wp:attachment":[{"href":"https:\/\/www.clinicarotger.com\/de\/wp-json\/wp\/v2\/media?parent=32921"}],"wp:term":[{"taxonomy":"category","embeddable":true,"href":"https:\/\/www.clinicarotger.com\/de\/wp-json\/wp\/v2\/categories?post=32921"},{"taxonomy":"post_tag","embeddable":true,"href":"https:\/\/www.clinicarotger.com\/de\/wp-json\/wp\/v2\/tags?post=32921"}],"curies":[{"name":"wp","href":"https:\/\/api.w.org\/{rel}","templated":true}]}}