{"id":28727,"date":"2024-03-07T12:46:52","date_gmt":"2024-03-07T11:46:52","guid":{"rendered":"https:\/\/www.clinicarotger.com\/?p=28727"},"modified":"2024-03-07T12:46:52","modified_gmt":"2024-03-07T11:46:52","slug":"medizin-fuer-alle","status":"publish","type":"post","link":"https:\/\/www.clinicarotger.com\/de\/neuigkeiten-rotger-klinic\/medizin-fuer-alle\/","title":{"rendered":"Medizin f\u00fcr alle"},"content":{"rendered":"<p>Der Mallorquiner Antonio de Lacy ist einer der f\u00fchrenden Chirurgen Spaniens und bringt seine Expertise jetzt auch in der Cl\u00ednica Rotger Quir\u00f3nsalud in Palma de Mallorca ein.<\/p>\n<p>Der\u00a0<strong>Mallorquiner Antonio de Lacy<\/strong>\u00a0ist einer der\u00a0<strong>f\u00fchrenden Chirurgen Spaniens<\/strong>\u00a0und bringt seine Expertise nun auch auf Mallorca ein. Er hat eine der leistungsst\u00e4rksten Ausbildungsplattformen der Branche, das Instituto Quir\u00fargico Lacy, kurz IQL gegr\u00fcndet. Er vereint immense Erfahrung und gro\u00dfes Ansehen als Chirurg in seiner Person. Dazu ist er weltweit f\u00fchrend in der Magen-Darm-Chirurgie\u00a0und der robotergest\u00fctzten minimalinvasiven Chirurgie.<\/p>\n","protected":false},"excerpt":{"rendered":"<p>Der Mallorquiner Antonio de Lacy ist einer der f\u00fchrenden Chirurgen Spaniens und bringt seine Expertise jetzt auch in der Cl\u00ednica Rotger Quir\u00f3nsalud in Palma de Mallorca ein. Der\u00a0Mallorquiner Antonio de Lacy\u00a0ist einer der\u00a0f\u00fchrenden Chirurgen Spaniens\u00a0und bringt seine Expertise nun auch auf Mallorca ein. Er hat eine der leistungsst\u00e4rksten Ausbildungsplattformen der Branche, das Instituto Quir\u00fargico Lacy,&#8230;<\/p>\n","protected":false},"author":2,"featured_media":28737,"comment_status":"closed","ping_status":"closed","sticky":false,"template":"","format":"link","meta":{"_price":"","_stock":"","_tribe_ticket_header":"","_tribe_default_ticket_provider":"","_tribe_ticket_capacity":"0","_ticket_start_date":"","_ticket_end_date":"","_tribe_ticket_show_description":"","_tribe_ticket_show_not_going":false,"_tribe_ticket_use_global_stock":"","_tribe_ticket_global_stock_level":"","_global_stock_mode":"","_global_stock_cap":"","_tribe_rsvp_for_event":"","_tribe_ticket_going_count":"","_tribe_ticket_not_going_count":"","_tribe_tickets_list":"[]","_tribe_ticket_has_attendee_info_fields":false,"footnotes":""},"categories":[335],"tags":[],"class_list":["post-28727","post","type-post","status-publish","format-link","has-post-thumbnail","hentry","category-neuigkeiten-rotger-klinic","post_format-post-format-link"],"yoast_head":"<!-- This site is optimized with the Yoast SEO plugin v26.8 - https:\/\/yoast.com\/product\/yoast-seo-wordpress\/ -->\n<title>Dr. Antonio de Lacy - Medizin f\u00fcr alle | Rotger Quironsalud Klinik<\/title>\n<meta name=\"description\" content=\"Der\u00a0Mallorquiner Antonio de Lacy\u00a0ist einer der\u00a0f\u00fchrenden Chirurgen Spaniens\u00a0und bringt seine Expertise nun auch auf Mallorca ein.\" \/>\n<meta name=\"robots\" content=\"index, follow, max-snippet:-1, max-image-preview:large, max-video-preview:-1\" \/>\n<link rel=\"canonical\" href=\"https:\/\/www.clinicarotger.com\/de\/neuigkeiten-rotger-klinic\/medizin-fuer-alle\/\" \/>\n<meta property=\"og:locale\" content=\"de_DE\" \/>\n<meta property=\"og:type\" content=\"article\" \/>\n<meta property=\"og:title\" content=\"Dr. Antonio de Lacy - Medizin f\u00fcr alle | Rotger Quironsalud Klinik\" \/>\n<meta property=\"og:description\" content=\"Der\u00a0Mallorquiner Antonio de Lacy\u00a0ist einer der\u00a0f\u00fchrenden Chirurgen Spaniens\u00a0und bringt seine Expertise nun auch auf Mallorca ein.\" \/>\n<meta property=\"og:url\" content=\"https:\/\/www.clinicarotger.com\/de\/neuigkeiten-rotger-klinic\/medizin-fuer-alle\/\" \/>\n<meta property=\"og:site_name\" content=\"Clinica Rotger\" \/>\n<meta property=\"article:publisher\" content=\"https:\/\/www.facebook.com\/clinica.rotger\/\" \/>\n<meta property=\"article:published_time\" content=\"2024-03-07T11:46:52+00:00\" \/>\n<meta property=\"og:image\" content=\"https:\/\/www.clinicarotger.com\/wp-content\/uploads\/2024\/03\/Dr-Antonio-Lacy-Medizin-fur-alle.jpg\" \/>\n\t<meta property=\"og:image:width\" content=\"1600\" \/>\n\t<meta property=\"og:image:height\" content=\"1068\" \/>\n\t<meta property=\"og:image:type\" content=\"image\/jpeg\" \/>\n<meta name=\"author\" content=\"Javier Ferrer\" \/>\n<meta name=\"twitter:card\" content=\"summary_large_image\" \/>\n<meta name=\"twitter:creator\" content=\"@clinicarotger\" \/>\n<meta name=\"twitter:site\" content=\"@clinicarotger\" \/>\n<meta name=\"twitter:label1\" content=\"Verfasst von\" \/>\n\t<meta name=\"twitter:data1\" content=\"Javier Ferrer\" \/>\n\t<meta name=\"twitter:label2\" content=\"Gesch\u00e4tzte Lesezeit\" \/>\n\t<meta name=\"twitter:data2\" content=\"1\u00a0Minute\" \/>\n<script type=\"application\/ld+json\" class=\"yoast-schema-graph\">{\"@context\":\"https:\/\/schema.org\",\"@graph\":[{\"@type\":\"Article\",\"@id\":\"https:\/\/www.clinicarotger.com\/de\/neuigkeiten-rotger-klinic\/medizin-fuer-alle\/#article\",\"isPartOf\":{\"@id\":\"https:\/\/www.clinicarotger.com\/de\/neuigkeiten-rotger-klinic\/medizin-fuer-alle\/\"},\"author\":{\"name\":\"Javier Ferrer\",\"@id\":\"https:\/\/www.clinicarotger.com\/de\/#\/schema\/person\/34f551bfa19f352a9794604eac5407ef\"},\"headline\":\"Medizin f\u00fcr alle\",\"datePublished\":\"2024-03-07T11:46:52+00:00\",\"mainEntityOfPage\":{\"@id\":\"https:\/\/www.clinicarotger.com\/de\/neuigkeiten-rotger-klinic\/medizin-fuer-alle\/\"},\"wordCount\":101,\"publisher\":{\"@id\":\"https:\/\/www.clinicarotger.com\/de\/#organization\"},\"image\":{\"@id\":\"https:\/\/www.clinicarotger.com\/de\/neuigkeiten-rotger-klinic\/medizin-fuer-alle\/#primaryimage\"},\"thumbnailUrl\":\"https:\/\/www.clinicarotger.com\/wp-content\/uploads\/2024\/03\/Dr-Antonio-Lacy-Medizin-fur-alle.jpg\",\"articleSection\":[\"Neuigkeiten Rotger Klinic\"],\"inLanguage\":\"de\"},{\"@type\":\"WebPage\",\"@id\":\"https:\/\/www.clinicarotger.com\/de\/neuigkeiten-rotger-klinic\/medizin-fuer-alle\/\",\"url\":\"https:\/\/www.clinicarotger.com\/de\/neuigkeiten-rotger-klinic\/medizin-fuer-alle\/\",\"name\":\"Dr. Antonio de Lacy - Medizin f\u00fcr alle | Rotger Quironsalud Klinik\",\"isPartOf\":{\"@id\":\"https:\/\/www.clinicarotger.com\/de\/#website\"},\"primaryImageOfPage\":{\"@id\":\"https:\/\/www.clinicarotger.com\/de\/neuigkeiten-rotger-klinic\/medizin-fuer-alle\/#primaryimage\"},\"image\":{\"@id\":\"https:\/\/www.clinicarotger.com\/de\/neuigkeiten-rotger-klinic\/medizin-fuer-alle\/#primaryimage\"},\"thumbnailUrl\":\"https:\/\/www.clinicarotger.com\/wp-content\/uploads\/2024\/03\/Dr-Antonio-Lacy-Medizin-fur-alle.jpg\",\"datePublished\":\"2024-03-07T11:46:52+00:00\",\"description\":\"Der\u00a0Mallorquiner Antonio de Lacy\u00a0ist einer der\u00a0f\u00fchrenden Chirurgen Spaniens\u00a0und bringt seine Expertise nun auch auf Mallorca ein.\",\"breadcrumb\":{\"@id\":\"https:\/\/www.clinicarotger.com\/de\/neuigkeiten-rotger-klinic\/medizin-fuer-alle\/#breadcrumb\"},\"inLanguage\":\"de\",\"potentialAction\":[{\"@type\":\"ReadAction\",\"target\":[\"https:\/\/www.clinicarotger.com\/de\/neuigkeiten-rotger-klinic\/medizin-fuer-alle\/\"]}]},{\"@type\":\"ImageObject\",\"inLanguage\":\"de\",\"@id\":\"https:\/\/www.clinicarotger.com\/de\/neuigkeiten-rotger-klinic\/medizin-fuer-alle\/#primaryimage\",\"url\":\"https:\/\/www.clinicarotger.com\/wp-content\/uploads\/2024\/03\/Dr-Antonio-Lacy-Medizin-fur-alle.jpg\",\"contentUrl\":\"https:\/\/www.clinicarotger.com\/wp-content\/uploads\/2024\/03\/Dr-Antonio-Lacy-Medizin-fur-alle.jpg\",\"width\":1600,\"height\":1068,\"caption\":\"Dr-Antonio-Lacy-Medizin-fur-alle\"},{\"@type\":\"BreadcrumbList\",\"@id\":\"https:\/\/www.clinicarotger.com\/de\/neuigkeiten-rotger-klinic\/medizin-fuer-alle\/#breadcrumb\",\"itemListElement\":[{\"@type\":\"ListItem\",\"position\":1,\"name\":\"Inicio\",\"item\":\"https:\/\/www.clinicarotger.com\/de\/\"},{\"@type\":\"ListItem\",\"position\":2,\"name\":\"Medizin f\u00fcr alle\"}]},{\"@type\":\"WebSite\",\"@id\":\"https:\/\/www.clinicarotger.com\/de\/#website\",\"url\":\"https:\/\/www.clinicarotger.com\/de\/\",\"name\":\"Clinica Rotger\",\"description\":\"Krankenhaus Mallorca\",\"publisher\":{\"@id\":\"https:\/\/www.clinicarotger.com\/de\/#organization\"},\"potentialAction\":[{\"@type\":\"SearchAction\",\"target\":{\"@type\":\"EntryPoint\",\"urlTemplate\":\"https:\/\/www.clinicarotger.com\/de\/?s={search_term_string}\"},\"query-input\":{\"@type\":\"PropertyValueSpecification\",\"valueRequired\":true,\"valueName\":\"search_term_string\"}}],\"inLanguage\":\"de\"},{\"@type\":\"Organization\",\"@id\":\"https:\/\/www.clinicarotger.com\/de\/#organization\",\"name\":\"Cl\u00ednica Rotger\",\"url\":\"https:\/\/www.clinicarotger.com\/de\/\",\"logo\":{\"@type\":\"ImageObject\",\"inLanguage\":\"de\",\"@id\":\"https:\/\/www.clinicarotger.com\/de\/#\/schema\/logo\/image\/\",\"url\":\"https:\/\/www.clinicarotger.com\/wp-content\/uploads\/2019\/11\/clinica-rotger-logo-top.png\",\"contentUrl\":\"https:\/\/www.clinicarotger.com\/wp-content\/uploads\/2019\/11\/clinica-rotger-logo-top.png\",\"width\":324,\"height\":104,\"caption\":\"Cl\u00ednica Rotger\"},\"image\":{\"@id\":\"https:\/\/www.clinicarotger.com\/de\/#\/schema\/logo\/image\/\"},\"sameAs\":[\"https:\/\/www.facebook.com\/clinica.rotger\/\",\"https:\/\/x.com\/clinicarotger\",\"https:\/\/twitter.com\/clinicarotger\",\"https:\/\/www.instagram.com\/quironsalud\/\",\"https:\/\/www.youtube.com\/channel\/UC1Xp5xg-r2Au-kQdIorviwg\"]},{\"@type\":\"Person\",\"@id\":\"https:\/\/www.clinicarotger.com\/de\/#\/schema\/person\/34f551bfa19f352a9794604eac5407ef\",\"name\":\"Javier Ferrer\",\"sameAs\":[\"http:\/\/weyketing.com\"]}]}<\/script>\n<!-- \/ Yoast SEO plugin. -->","yoast_head_json":{"title":"Dr. Antonio de Lacy - Medizin f\u00fcr alle | Rotger Quironsalud Klinik","description":"Der\u00a0Mallorquiner Antonio de Lacy\u00a0ist einer der\u00a0f\u00fchrenden Chirurgen Spaniens\u00a0und bringt seine Expertise nun auch auf Mallorca ein.","robots":{"index":"index","follow":"follow","max-snippet":"max-snippet:-1","max-image-preview":"max-image-preview:large","max-video-preview":"max-video-preview:-1"},"canonical":"https:\/\/www.clinicarotger.com\/de\/neuigkeiten-rotger-klinic\/medizin-fuer-alle\/","og_locale":"de_DE","og_type":"article","og_title":"Dr. Antonio de Lacy - Medizin f\u00fcr alle | Rotger Quironsalud Klinik","og_description":"Der\u00a0Mallorquiner Antonio de Lacy\u00a0ist einer der\u00a0f\u00fchrenden Chirurgen Spaniens\u00a0und bringt seine Expertise nun auch auf Mallorca ein.","og_url":"https:\/\/www.clinicarotger.com\/de\/neuigkeiten-rotger-klinic\/medizin-fuer-alle\/","og_site_name":"Clinica Rotger","article_publisher":"https:\/\/www.facebook.com\/clinica.rotger\/","article_published_time":"2024-03-07T11:46:52+00:00","og_image":[{"width":1600,"height":1068,"url":"https:\/\/www.clinicarotger.com\/wp-content\/uploads\/2024\/03\/Dr-Antonio-Lacy-Medizin-fur-alle.jpg","type":"image\/jpeg"}],"author":"Javier Ferrer","twitter_card":"summary_large_image","twitter_creator":"@clinicarotger","twitter_site":"@clinicarotger","twitter_misc":{"Verfasst von":"Javier Ferrer","Gesch\u00e4tzte Lesezeit":"1\u00a0Minute"},"schema":{"@context":"https:\/\/schema.org","@graph":[{"@type":"Article","@id":"https:\/\/www.clinicarotger.com\/de\/neuigkeiten-rotger-klinic\/medizin-fuer-alle\/#article","isPartOf":{"@id":"https:\/\/www.clinicarotger.com\/de\/neuigkeiten-rotger-klinic\/medizin-fuer-alle\/"},"author":{"name":"Javier Ferrer","@id":"https:\/\/www.clinicarotger.com\/de\/#\/schema\/person\/34f551bfa19f352a9794604eac5407ef"},"headline":"Medizin f\u00fcr alle","datePublished":"2024-03-07T11:46:52+00:00","mainEntityOfPage":{"@id":"https:\/\/www.clinicarotger.com\/de\/neuigkeiten-rotger-klinic\/medizin-fuer-alle\/"},"wordCount":101,"publisher":{"@id":"https:\/\/www.clinicarotger.com\/de\/#organization"},"image":{"@id":"https:\/\/www.clinicarotger.com\/de\/neuigkeiten-rotger-klinic\/medizin-fuer-alle\/#primaryimage"},"thumbnailUrl":"https:\/\/www.clinicarotger.com\/wp-content\/uploads\/2024\/03\/Dr-Antonio-Lacy-Medizin-fur-alle.jpg","articleSection":["Neuigkeiten Rotger Klinic"],"inLanguage":"de"},{"@type":"WebPage","@id":"https:\/\/www.clinicarotger.com\/de\/neuigkeiten-rotger-klinic\/medizin-fuer-alle\/","url":"https:\/\/www.clinicarotger.com\/de\/neuigkeiten-rotger-klinic\/medizin-fuer-alle\/","name":"Dr. Antonio de Lacy - Medizin f\u00fcr alle | Rotger Quironsalud Klinik","isPartOf":{"@id":"https:\/\/www.clinicarotger.com\/de\/#website"},"primaryImageOfPage":{"@id":"https:\/\/www.clinicarotger.com\/de\/neuigkeiten-rotger-klinic\/medizin-fuer-alle\/#primaryimage"},"image":{"@id":"https:\/\/www.clinicarotger.com\/de\/neuigkeiten-rotger-klinic\/medizin-fuer-alle\/#primaryimage"},"thumbnailUrl":"https:\/\/www.clinicarotger.com\/wp-content\/uploads\/2024\/03\/Dr-Antonio-Lacy-Medizin-fur-alle.jpg","datePublished":"2024-03-07T11:46:52+00:00","description":"Der\u00a0Mallorquiner Antonio de Lacy\u00a0ist einer der\u00a0f\u00fchrenden Chirurgen Spaniens\u00a0und bringt seine Expertise nun auch auf Mallorca ein.","breadcrumb":{"@id":"https:\/\/www.clinicarotger.com\/de\/neuigkeiten-rotger-klinic\/medizin-fuer-alle\/#breadcrumb"},"inLanguage":"de","potentialAction":[{"@type":"ReadAction","target":["https:\/\/www.clinicarotger.com\/de\/neuigkeiten-rotger-klinic\/medizin-fuer-alle\/"]}]},{"@type":"ImageObject","inLanguage":"de","@id":"https:\/\/www.clinicarotger.com\/de\/neuigkeiten-rotger-klinic\/medizin-fuer-alle\/#primaryimage","url":"https:\/\/www.clinicarotger.com\/wp-content\/uploads\/2024\/03\/Dr-Antonio-Lacy-Medizin-fur-alle.jpg","contentUrl":"https:\/\/www.clinicarotger.com\/wp-content\/uploads\/2024\/03\/Dr-Antonio-Lacy-Medizin-fur-alle.jpg","width":1600,"height":1068,"caption":"Dr-Antonio-Lacy-Medizin-fur-alle"},{"@type":"BreadcrumbList","@id":"https:\/\/www.clinicarotger.com\/de\/neuigkeiten-rotger-klinic\/medizin-fuer-alle\/#breadcrumb","itemListElement":[{"@type":"ListItem","position":1,"name":"Inicio","item":"https:\/\/www.clinicarotger.com\/de\/"},{"@type":"ListItem","position":2,"name":"Medizin f\u00fcr alle"}]},{"@type":"WebSite","@id":"https:\/\/www.clinicarotger.com\/de\/#website","url":"https:\/\/www.clinicarotger.com\/de\/","name":"Clinica Rotger","description":"Krankenhaus Mallorca","publisher":{"@id":"https:\/\/www.clinicarotger.com\/de\/#organization"},"potentialAction":[{"@type":"SearchAction","target":{"@type":"EntryPoint","urlTemplate":"https:\/\/www.clinicarotger.com\/de\/?s={search_term_string}"},"query-input":{"@type":"PropertyValueSpecification","valueRequired":true,"valueName":"search_term_string"}}],"inLanguage":"de"},{"@type":"Organization","@id":"https:\/\/www.clinicarotger.com\/de\/#organization","name":"Cl\u00ednica Rotger","url":"https:\/\/www.clinicarotger.com\/de\/","logo":{"@type":"ImageObject","inLanguage":"de","@id":"https:\/\/www.clinicarotger.com\/de\/#\/schema\/logo\/image\/","url":"https:\/\/www.clinicarotger.com\/wp-content\/uploads\/2019\/11\/clinica-rotger-logo-top.png","contentUrl":"https:\/\/www.clinicarotger.com\/wp-content\/uploads\/2019\/11\/clinica-rotger-logo-top.png","width":324,"height":104,"caption":"Cl\u00ednica Rotger"},"image":{"@id":"https:\/\/www.clinicarotger.com\/de\/#\/schema\/logo\/image\/"},"sameAs":["https:\/\/www.facebook.com\/clinica.rotger\/","https:\/\/x.com\/clinicarotger","https:\/\/twitter.com\/clinicarotger","https:\/\/www.instagram.com\/quironsalud\/","https:\/\/www.youtube.com\/channel\/UC1Xp5xg-r2Au-kQdIorviwg"]},{"@type":"Person","@id":"https:\/\/www.clinicarotger.com\/de\/#\/schema\/person\/34f551bfa19f352a9794604eac5407ef","name":"Javier Ferrer","sameAs":["http:\/\/weyketing.com"]}]}},"_links":{"self":[{"href":"https:\/\/www.clinicarotger.com\/de\/wp-json\/wp\/v2\/posts\/28727","targetHints":{"allow":["GET"]}}],"collection":[{"href":"https:\/\/www.clinicarotger.com\/de\/wp-json\/wp\/v2\/posts"}],"about":[{"href":"https:\/\/www.clinicarotger.com\/de\/wp-json\/wp\/v2\/types\/post"}],"author":[{"embeddable":true,"href":"https:\/\/www.clinicarotger.com\/de\/wp-json\/wp\/v2\/users\/2"}],"replies":[{"embeddable":true,"href":"https:\/\/www.clinicarotger.com\/de\/wp-json\/wp\/v2\/comments?post=28727"}],"version-history":[{"count":1,"href":"https:\/\/www.clinicarotger.com\/de\/wp-json\/wp\/v2\/posts\/28727\/revisions"}],"predecessor-version":[{"id":28732,"href":"https:\/\/www.clinicarotger.com\/de\/wp-json\/wp\/v2\/posts\/28727\/revisions\/28732"}],"wp:featuredmedia":[{"embeddable":true,"href":"https:\/\/www.clinicarotger.com\/de\/wp-json\/wp\/v2\/media\/28737"}],"wp:attachment":[{"href":"https:\/\/www.clinicarotger.com\/de\/wp-json\/wp\/v2\/media?parent=28727"}],"wp:term":[{"taxonomy":"category","embeddable":true,"href":"https:\/\/www.clinicarotger.com\/de\/wp-json\/wp\/v2\/categories?post=28727"},{"taxonomy":"post_tag","embeddable":true,"href":"https:\/\/www.clinicarotger.com\/de\/wp-json\/wp\/v2\/tags?post=28727"}],"curies":[{"name":"wp","href":"https:\/\/api.w.org\/{rel}","templated":true}]}}