{"id":28417,"date":"2024-01-08T16:49:05","date_gmt":"2024-01-08T15:49:05","guid":{"rendered":"https:\/\/www.clinicarotger.com\/?p=28417"},"modified":"2024-01-08T16:49:05","modified_gmt":"2024-01-08T15:49:05","slug":"die-beiden-privatkliniken-rotger-und-palmaplanas-gehoeren-zu-den-besten-spaniens","status":"publish","type":"post","link":"https:\/\/www.clinicarotger.com\/de\/neuigkeiten-rotger-klinic\/die-beiden-privatkliniken-rotger-und-palmaplanas-gehoeren-zu-den-besten-spaniens\/","title":{"rendered":"Die beiden Privatkliniken Rotger und Palmaplanas geh\u00f6ren zu den besten Spaniens"},"content":{"rendered":"<p>Die beiden Privatkliniken Rotger und Palmaplanas geh\u00f6ren zu den besten Spaniens. Auch in diesem Jahr f\u00fchren die zur Quir\u00f3nsalud-Gruppe geh\u00f6renden Kliniken <strong>Rotger<\/strong>\u00a0und\u00a0<strong>Palmaplanas\u00a0<\/strong>in Palma die Liste der am besten bewerteten Privatkliniken der Balearen an. Das geht aus dem\u00a0<strong>Hospital Excellence Index<\/strong>\u00a0hervor, der j\u00e4hrlich die Qualit\u00e4t spanischer \u00f6ffentlicher und privater\u00a0Krankenh\u00e4user\u00a0anhand von Parametern wie Pflegequalit\u00e4t, Krankenhausservice, Patientenwohlbefinden und -zufriedenheit sowie Innovationsf\u00e4higkeit, personalisierter Pflege und Effizienz bei der Nutzung von Ressourcen durch die Patienten analysiert.<\/p>\n","protected":false},"excerpt":{"rendered":"<p>Die beiden Privatkliniken Rotger und Palmaplanas geh\u00f6ren zu den besten Spaniens. Auch in diesem Jahr f\u00fchren die zur Quir\u00f3nsalud-Gruppe geh\u00f6renden Kliniken Rotger\u00a0und\u00a0Palmaplanas\u00a0in Palma die Liste der am besten bewerteten Privatkliniken der Balearen an. Das geht aus dem\u00a0Hospital Excellence Index\u00a0hervor, der j\u00e4hrlich die Qualit\u00e4t spanischer \u00f6ffentlicher und privater\u00a0Krankenh\u00e4user\u00a0anhand von Parametern wie Pflegequalit\u00e4t, Krankenhausservice, Patientenwohlbefinden und -zufriedenheit&#8230;<\/p>\n","protected":false},"author":2,"featured_media":28419,"comment_status":"closed","ping_status":"closed","sticky":false,"template":"","format":"link","meta":{"_price":"","_stock":"","_tribe_ticket_header":"","_tribe_default_ticket_provider":"","_tribe_ticket_capacity":"0","_ticket_start_date":"","_ticket_end_date":"","_tribe_ticket_show_description":"","_tribe_ticket_show_not_going":false,"_tribe_ticket_use_global_stock":"","_tribe_ticket_global_stock_level":"","_global_stock_mode":"","_global_stock_cap":"","_tribe_rsvp_for_event":"","_tribe_ticket_going_count":"","_tribe_ticket_not_going_count":"","_tribe_tickets_list":"[]","_tribe_ticket_has_attendee_info_fields":false,"footnotes":""},"categories":[335],"tags":[],"class_list":["post-28417","post","type-post","status-publish","format-link","has-post-thumbnail","hentry","category-neuigkeiten-rotger-klinic","post_format-post-format-link"],"yoast_head":"<!-- This site is optimized with the Yoast SEO plugin v26.8 - https:\/\/yoast.com\/product\/yoast-seo-wordpress\/ -->\n<title>Die beiden Privatkliniken Rotger und Palmaplanas geh\u00f6ren...<\/title>\n<meta name=\"description\" content=\"Auch in diesem Jahr f\u00fchren die zur Quir\u00f3nsalud-Gruppe geh\u00f6renden Kliniken\u00a0Rotger\u00a0und\u00a0Palmaplanas\u00a0in Palma die Liste...\" \/>\n<meta name=\"robots\" content=\"index, follow, max-snippet:-1, max-image-preview:large, max-video-preview:-1\" \/>\n<link rel=\"canonical\" href=\"https:\/\/www.clinicarotger.com\/de\/neuigkeiten-rotger-klinic\/die-beiden-privatkliniken-rotger-und-palmaplanas-gehoeren-zu-den-besten-spaniens\/\" \/>\n<meta property=\"og:locale\" content=\"de_DE\" \/>\n<meta property=\"og:type\" content=\"article\" \/>\n<meta property=\"og:title\" content=\"Die beiden Privatkliniken Rotger und Palmaplanas geh\u00f6ren...\" \/>\n<meta property=\"og:description\" content=\"Auch in diesem Jahr f\u00fchren die zur Quir\u00f3nsalud-Gruppe geh\u00f6renden Kliniken\u00a0Rotger\u00a0und\u00a0Palmaplanas\u00a0in Palma die Liste...\" \/>\n<meta property=\"og:url\" content=\"https:\/\/www.clinicarotger.com\/de\/neuigkeiten-rotger-klinic\/die-beiden-privatkliniken-rotger-und-palmaplanas-gehoeren-zu-den-besten-spaniens\/\" \/>\n<meta property=\"og:site_name\" content=\"Clinica Rotger\" \/>\n<meta property=\"article:publisher\" content=\"https:\/\/www.facebook.com\/clinica.rotger\/\" \/>\n<meta property=\"article:published_time\" content=\"2024-01-08T15:49:05+00:00\" \/>\n<meta property=\"og:image\" content=\"https:\/\/www.clinicarotger.com\/wp-content\/uploads\/2024\/01\/Hospital-Excellence-Index.jpg\" \/>\n\t<meta property=\"og:image:width\" content=\"1600\" \/>\n\t<meta property=\"og:image:height\" content=\"1120\" \/>\n\t<meta property=\"og:image:type\" content=\"image\/jpeg\" \/>\n<meta name=\"author\" content=\"Javier Ferrer\" \/>\n<meta name=\"twitter:card\" content=\"summary_large_image\" \/>\n<meta name=\"twitter:creator\" content=\"@clinicarotger\" \/>\n<meta name=\"twitter:site\" content=\"@clinicarotger\" \/>\n<meta name=\"twitter:label1\" content=\"Verfasst von\" \/>\n\t<meta name=\"twitter:data1\" content=\"Javier Ferrer\" \/>\n\t<meta name=\"twitter:label2\" content=\"Gesch\u00e4tzte Lesezeit\" \/>\n\t<meta name=\"twitter:data2\" content=\"1\u00a0Minute\" \/>\n<script type=\"application\/ld+json\" class=\"yoast-schema-graph\">{\"@context\":\"https:\/\/schema.org\",\"@graph\":[{\"@type\":\"Article\",\"@id\":\"https:\/\/www.clinicarotger.com\/de\/neuigkeiten-rotger-klinic\/die-beiden-privatkliniken-rotger-und-palmaplanas-gehoeren-zu-den-besten-spaniens\/#article\",\"isPartOf\":{\"@id\":\"https:\/\/www.clinicarotger.com\/de\/neuigkeiten-rotger-klinic\/die-beiden-privatkliniken-rotger-und-palmaplanas-gehoeren-zu-den-besten-spaniens\/\"},\"author\":{\"name\":\"Javier Ferrer\",\"@id\":\"https:\/\/www.clinicarotger.com\/de\/#\/schema\/person\/34f551bfa19f352a9794604eac5407ef\"},\"headline\":\"Die beiden Privatkliniken Rotger und Palmaplanas geh\u00f6ren zu den besten Spaniens\",\"datePublished\":\"2024-01-08T15:49:05+00:00\",\"mainEntityOfPage\":{\"@id\":\"https:\/\/www.clinicarotger.com\/de\/neuigkeiten-rotger-klinic\/die-beiden-privatkliniken-rotger-und-palmaplanas-gehoeren-zu-den-besten-spaniens\/\"},\"wordCount\":98,\"publisher\":{\"@id\":\"https:\/\/www.clinicarotger.com\/de\/#organization\"},\"image\":{\"@id\":\"https:\/\/www.clinicarotger.com\/de\/neuigkeiten-rotger-klinic\/die-beiden-privatkliniken-rotger-und-palmaplanas-gehoeren-zu-den-besten-spaniens\/#primaryimage\"},\"thumbnailUrl\":\"https:\/\/www.clinicarotger.com\/wp-content\/uploads\/2024\/01\/Hospital-Excellence-Index.jpg\",\"articleSection\":[\"Neuigkeiten Rotger Klinic\"],\"inLanguage\":\"de\"},{\"@type\":\"WebPage\",\"@id\":\"https:\/\/www.clinicarotger.com\/de\/neuigkeiten-rotger-klinic\/die-beiden-privatkliniken-rotger-und-palmaplanas-gehoeren-zu-den-besten-spaniens\/\",\"url\":\"https:\/\/www.clinicarotger.com\/de\/neuigkeiten-rotger-klinic\/die-beiden-privatkliniken-rotger-und-palmaplanas-gehoeren-zu-den-besten-spaniens\/\",\"name\":\"Die beiden Privatkliniken Rotger und Palmaplanas geh\u00f6ren...\",\"isPartOf\":{\"@id\":\"https:\/\/www.clinicarotger.com\/de\/#website\"},\"primaryImageOfPage\":{\"@id\":\"https:\/\/www.clinicarotger.com\/de\/neuigkeiten-rotger-klinic\/die-beiden-privatkliniken-rotger-und-palmaplanas-gehoeren-zu-den-besten-spaniens\/#primaryimage\"},\"image\":{\"@id\":\"https:\/\/www.clinicarotger.com\/de\/neuigkeiten-rotger-klinic\/die-beiden-privatkliniken-rotger-und-palmaplanas-gehoeren-zu-den-besten-spaniens\/#primaryimage\"},\"thumbnailUrl\":\"https:\/\/www.clinicarotger.com\/wp-content\/uploads\/2024\/01\/Hospital-Excellence-Index.jpg\",\"datePublished\":\"2024-01-08T15:49:05+00:00\",\"description\":\"Auch in diesem Jahr f\u00fchren die zur Quir\u00f3nsalud-Gruppe geh\u00f6renden Kliniken\u00a0Rotger\u00a0und\u00a0Palmaplanas\u00a0in Palma die Liste...\",\"breadcrumb\":{\"@id\":\"https:\/\/www.clinicarotger.com\/de\/neuigkeiten-rotger-klinic\/die-beiden-privatkliniken-rotger-und-palmaplanas-gehoeren-zu-den-besten-spaniens\/#breadcrumb\"},\"inLanguage\":\"de\",\"potentialAction\":[{\"@type\":\"ReadAction\",\"target\":[\"https:\/\/www.clinicarotger.com\/de\/neuigkeiten-rotger-klinic\/die-beiden-privatkliniken-rotger-und-palmaplanas-gehoeren-zu-den-besten-spaniens\/\"]}]},{\"@type\":\"ImageObject\",\"inLanguage\":\"de\",\"@id\":\"https:\/\/www.clinicarotger.com\/de\/neuigkeiten-rotger-klinic\/die-beiden-privatkliniken-rotger-und-palmaplanas-gehoeren-zu-den-besten-spaniens\/#primaryimage\",\"url\":\"https:\/\/www.clinicarotger.com\/wp-content\/uploads\/2024\/01\/Hospital-Excellence-Index.jpg\",\"contentUrl\":\"https:\/\/www.clinicarotger.com\/wp-content\/uploads\/2024\/01\/Hospital-Excellence-Index.jpg\",\"width\":1600,\"height\":1120,\"caption\":\"Hospital Excellence Index\"},{\"@type\":\"BreadcrumbList\",\"@id\":\"https:\/\/www.clinicarotger.com\/de\/neuigkeiten-rotger-klinic\/die-beiden-privatkliniken-rotger-und-palmaplanas-gehoeren-zu-den-besten-spaniens\/#breadcrumb\",\"itemListElement\":[{\"@type\":\"ListItem\",\"position\":1,\"name\":\"Inicio\",\"item\":\"https:\/\/www.clinicarotger.com\/de\/\"},{\"@type\":\"ListItem\",\"position\":2,\"name\":\"Die beiden Privatkliniken Rotger und Palmaplanas geh\u00f6ren zu den besten Spaniens\"}]},{\"@type\":\"WebSite\",\"@id\":\"https:\/\/www.clinicarotger.com\/de\/#website\",\"url\":\"https:\/\/www.clinicarotger.com\/de\/\",\"name\":\"Clinica Rotger\",\"description\":\"Krankenhaus Mallorca\",\"publisher\":{\"@id\":\"https:\/\/www.clinicarotger.com\/de\/#organization\"},\"potentialAction\":[{\"@type\":\"SearchAction\",\"target\":{\"@type\":\"EntryPoint\",\"urlTemplate\":\"https:\/\/www.clinicarotger.com\/de\/?s={search_term_string}\"},\"query-input\":{\"@type\":\"PropertyValueSpecification\",\"valueRequired\":true,\"valueName\":\"search_term_string\"}}],\"inLanguage\":\"de\"},{\"@type\":\"Organization\",\"@id\":\"https:\/\/www.clinicarotger.com\/de\/#organization\",\"name\":\"Cl\u00ednica Rotger\",\"url\":\"https:\/\/www.clinicarotger.com\/de\/\",\"logo\":{\"@type\":\"ImageObject\",\"inLanguage\":\"de\",\"@id\":\"https:\/\/www.clinicarotger.com\/de\/#\/schema\/logo\/image\/\",\"url\":\"https:\/\/www.clinicarotger.com\/wp-content\/uploads\/2019\/11\/clinica-rotger-logo-top.png\",\"contentUrl\":\"https:\/\/www.clinicarotger.com\/wp-content\/uploads\/2019\/11\/clinica-rotger-logo-top.png\",\"width\":324,\"height\":104,\"caption\":\"Cl\u00ednica Rotger\"},\"image\":{\"@id\":\"https:\/\/www.clinicarotger.com\/de\/#\/schema\/logo\/image\/\"},\"sameAs\":[\"https:\/\/www.facebook.com\/clinica.rotger\/\",\"https:\/\/x.com\/clinicarotger\",\"https:\/\/twitter.com\/clinicarotger\",\"https:\/\/www.instagram.com\/quironsalud\/\",\"https:\/\/www.youtube.com\/channel\/UC1Xp5xg-r2Au-kQdIorviwg\"]},{\"@type\":\"Person\",\"@id\":\"https:\/\/www.clinicarotger.com\/de\/#\/schema\/person\/34f551bfa19f352a9794604eac5407ef\",\"name\":\"Javier Ferrer\",\"sameAs\":[\"http:\/\/weyketing.com\"]}]}<\/script>\n<!-- \/ Yoast SEO plugin. -->","yoast_head_json":{"title":"Die beiden Privatkliniken Rotger und Palmaplanas geh\u00f6ren...","description":"Auch in diesem Jahr f\u00fchren die zur Quir\u00f3nsalud-Gruppe geh\u00f6renden Kliniken\u00a0Rotger\u00a0und\u00a0Palmaplanas\u00a0in Palma die Liste...","robots":{"index":"index","follow":"follow","max-snippet":"max-snippet:-1","max-image-preview":"max-image-preview:large","max-video-preview":"max-video-preview:-1"},"canonical":"https:\/\/www.clinicarotger.com\/de\/neuigkeiten-rotger-klinic\/die-beiden-privatkliniken-rotger-und-palmaplanas-gehoeren-zu-den-besten-spaniens\/","og_locale":"de_DE","og_type":"article","og_title":"Die beiden Privatkliniken Rotger und Palmaplanas geh\u00f6ren...","og_description":"Auch in diesem Jahr f\u00fchren die zur Quir\u00f3nsalud-Gruppe geh\u00f6renden Kliniken\u00a0Rotger\u00a0und\u00a0Palmaplanas\u00a0in Palma die Liste...","og_url":"https:\/\/www.clinicarotger.com\/de\/neuigkeiten-rotger-klinic\/die-beiden-privatkliniken-rotger-und-palmaplanas-gehoeren-zu-den-besten-spaniens\/","og_site_name":"Clinica Rotger","article_publisher":"https:\/\/www.facebook.com\/clinica.rotger\/","article_published_time":"2024-01-08T15:49:05+00:00","og_image":[{"width":1600,"height":1120,"url":"https:\/\/www.clinicarotger.com\/wp-content\/uploads\/2024\/01\/Hospital-Excellence-Index.jpg","type":"image\/jpeg"}],"author":"Javier Ferrer","twitter_card":"summary_large_image","twitter_creator":"@clinicarotger","twitter_site":"@clinicarotger","twitter_misc":{"Verfasst von":"Javier Ferrer","Gesch\u00e4tzte Lesezeit":"1\u00a0Minute"},"schema":{"@context":"https:\/\/schema.org","@graph":[{"@type":"Article","@id":"https:\/\/www.clinicarotger.com\/de\/neuigkeiten-rotger-klinic\/die-beiden-privatkliniken-rotger-und-palmaplanas-gehoeren-zu-den-besten-spaniens\/#article","isPartOf":{"@id":"https:\/\/www.clinicarotger.com\/de\/neuigkeiten-rotger-klinic\/die-beiden-privatkliniken-rotger-und-palmaplanas-gehoeren-zu-den-besten-spaniens\/"},"author":{"name":"Javier Ferrer","@id":"https:\/\/www.clinicarotger.com\/de\/#\/schema\/person\/34f551bfa19f352a9794604eac5407ef"},"headline":"Die beiden Privatkliniken Rotger und Palmaplanas geh\u00f6ren zu den besten Spaniens","datePublished":"2024-01-08T15:49:05+00:00","mainEntityOfPage":{"@id":"https:\/\/www.clinicarotger.com\/de\/neuigkeiten-rotger-klinic\/die-beiden-privatkliniken-rotger-und-palmaplanas-gehoeren-zu-den-besten-spaniens\/"},"wordCount":98,"publisher":{"@id":"https:\/\/www.clinicarotger.com\/de\/#organization"},"image":{"@id":"https:\/\/www.clinicarotger.com\/de\/neuigkeiten-rotger-klinic\/die-beiden-privatkliniken-rotger-und-palmaplanas-gehoeren-zu-den-besten-spaniens\/#primaryimage"},"thumbnailUrl":"https:\/\/www.clinicarotger.com\/wp-content\/uploads\/2024\/01\/Hospital-Excellence-Index.jpg","articleSection":["Neuigkeiten Rotger Klinic"],"inLanguage":"de"},{"@type":"WebPage","@id":"https:\/\/www.clinicarotger.com\/de\/neuigkeiten-rotger-klinic\/die-beiden-privatkliniken-rotger-und-palmaplanas-gehoeren-zu-den-besten-spaniens\/","url":"https:\/\/www.clinicarotger.com\/de\/neuigkeiten-rotger-klinic\/die-beiden-privatkliniken-rotger-und-palmaplanas-gehoeren-zu-den-besten-spaniens\/","name":"Die beiden Privatkliniken Rotger und Palmaplanas geh\u00f6ren...","isPartOf":{"@id":"https:\/\/www.clinicarotger.com\/de\/#website"},"primaryImageOfPage":{"@id":"https:\/\/www.clinicarotger.com\/de\/neuigkeiten-rotger-klinic\/die-beiden-privatkliniken-rotger-und-palmaplanas-gehoeren-zu-den-besten-spaniens\/#primaryimage"},"image":{"@id":"https:\/\/www.clinicarotger.com\/de\/neuigkeiten-rotger-klinic\/die-beiden-privatkliniken-rotger-und-palmaplanas-gehoeren-zu-den-besten-spaniens\/#primaryimage"},"thumbnailUrl":"https:\/\/www.clinicarotger.com\/wp-content\/uploads\/2024\/01\/Hospital-Excellence-Index.jpg","datePublished":"2024-01-08T15:49:05+00:00","description":"Auch in diesem Jahr f\u00fchren die zur Quir\u00f3nsalud-Gruppe geh\u00f6renden Kliniken\u00a0Rotger\u00a0und\u00a0Palmaplanas\u00a0in Palma die Liste...","breadcrumb":{"@id":"https:\/\/www.clinicarotger.com\/de\/neuigkeiten-rotger-klinic\/die-beiden-privatkliniken-rotger-und-palmaplanas-gehoeren-zu-den-besten-spaniens\/#breadcrumb"},"inLanguage":"de","potentialAction":[{"@type":"ReadAction","target":["https:\/\/www.clinicarotger.com\/de\/neuigkeiten-rotger-klinic\/die-beiden-privatkliniken-rotger-und-palmaplanas-gehoeren-zu-den-besten-spaniens\/"]}]},{"@type":"ImageObject","inLanguage":"de","@id":"https:\/\/www.clinicarotger.com\/de\/neuigkeiten-rotger-klinic\/die-beiden-privatkliniken-rotger-und-palmaplanas-gehoeren-zu-den-besten-spaniens\/#primaryimage","url":"https:\/\/www.clinicarotger.com\/wp-content\/uploads\/2024\/01\/Hospital-Excellence-Index.jpg","contentUrl":"https:\/\/www.clinicarotger.com\/wp-content\/uploads\/2024\/01\/Hospital-Excellence-Index.jpg","width":1600,"height":1120,"caption":"Hospital Excellence Index"},{"@type":"BreadcrumbList","@id":"https:\/\/www.clinicarotger.com\/de\/neuigkeiten-rotger-klinic\/die-beiden-privatkliniken-rotger-und-palmaplanas-gehoeren-zu-den-besten-spaniens\/#breadcrumb","itemListElement":[{"@type":"ListItem","position":1,"name":"Inicio","item":"https:\/\/www.clinicarotger.com\/de\/"},{"@type":"ListItem","position":2,"name":"Die beiden Privatkliniken Rotger und Palmaplanas geh\u00f6ren zu den besten Spaniens"}]},{"@type":"WebSite","@id":"https:\/\/www.clinicarotger.com\/de\/#website","url":"https:\/\/www.clinicarotger.com\/de\/","name":"Clinica Rotger","description":"Krankenhaus Mallorca","publisher":{"@id":"https:\/\/www.clinicarotger.com\/de\/#organization"},"potentialAction":[{"@type":"SearchAction","target":{"@type":"EntryPoint","urlTemplate":"https:\/\/www.clinicarotger.com\/de\/?s={search_term_string}"},"query-input":{"@type":"PropertyValueSpecification","valueRequired":true,"valueName":"search_term_string"}}],"inLanguage":"de"},{"@type":"Organization","@id":"https:\/\/www.clinicarotger.com\/de\/#organization","name":"Cl\u00ednica Rotger","url":"https:\/\/www.clinicarotger.com\/de\/","logo":{"@type":"ImageObject","inLanguage":"de","@id":"https:\/\/www.clinicarotger.com\/de\/#\/schema\/logo\/image\/","url":"https:\/\/www.clinicarotger.com\/wp-content\/uploads\/2019\/11\/clinica-rotger-logo-top.png","contentUrl":"https:\/\/www.clinicarotger.com\/wp-content\/uploads\/2019\/11\/clinica-rotger-logo-top.png","width":324,"height":104,"caption":"Cl\u00ednica Rotger"},"image":{"@id":"https:\/\/www.clinicarotger.com\/de\/#\/schema\/logo\/image\/"},"sameAs":["https:\/\/www.facebook.com\/clinica.rotger\/","https:\/\/x.com\/clinicarotger","https:\/\/twitter.com\/clinicarotger","https:\/\/www.instagram.com\/quironsalud\/","https:\/\/www.youtube.com\/channel\/UC1Xp5xg-r2Au-kQdIorviwg"]},{"@type":"Person","@id":"https:\/\/www.clinicarotger.com\/de\/#\/schema\/person\/34f551bfa19f352a9794604eac5407ef","name":"Javier Ferrer","sameAs":["http:\/\/weyketing.com"]}]}},"_links":{"self":[{"href":"https:\/\/www.clinicarotger.com\/de\/wp-json\/wp\/v2\/posts\/28417","targetHints":{"allow":["GET"]}}],"collection":[{"href":"https:\/\/www.clinicarotger.com\/de\/wp-json\/wp\/v2\/posts"}],"about":[{"href":"https:\/\/www.clinicarotger.com\/de\/wp-json\/wp\/v2\/types\/post"}],"author":[{"embeddable":true,"href":"https:\/\/www.clinicarotger.com\/de\/wp-json\/wp\/v2\/users\/2"}],"replies":[{"embeddable":true,"href":"https:\/\/www.clinicarotger.com\/de\/wp-json\/wp\/v2\/comments?post=28417"}],"version-history":[{"count":2,"href":"https:\/\/www.clinicarotger.com\/de\/wp-json\/wp\/v2\/posts\/28417\/revisions"}],"predecessor-version":[{"id":28423,"href":"https:\/\/www.clinicarotger.com\/de\/wp-json\/wp\/v2\/posts\/28417\/revisions\/28423"}],"wp:featuredmedia":[{"embeddable":true,"href":"https:\/\/www.clinicarotger.com\/de\/wp-json\/wp\/v2\/media\/28419"}],"wp:attachment":[{"href":"https:\/\/www.clinicarotger.com\/de\/wp-json\/wp\/v2\/media?parent=28417"}],"wp:term":[{"taxonomy":"category","embeddable":true,"href":"https:\/\/www.clinicarotger.com\/de\/wp-json\/wp\/v2\/categories?post=28417"},{"taxonomy":"post_tag","embeddable":true,"href":"https:\/\/www.clinicarotger.com\/de\/wp-json\/wp\/v2\/tags?post=28417"}],"curies":[{"name":"wp","href":"https:\/\/api.w.org\/{rel}","templated":true}]}}