{"id":13540,"date":"2021-02-01T13:50:44","date_gmt":"2021-02-01T12:50:44","guid":{"rendered":"https:\/\/www.clinicarotger.com\/?p=13540"},"modified":"2021-12-14T10:57:12","modified_gmt":"2021-12-14T09:57:12","slug":"clinica-rotger-auszeichnung-fuer-clinica-rotger-mallorca-krankenhaus","status":"publish","type":"post","link":"https:\/\/www.clinicarotger.com\/de\/neuigkeiten-rotger-klinic\/clinica-rotger-auszeichnung-fuer-clinica-rotger-mallorca-krankenhaus\/","title":{"rendered":"Auszeichnung f\u00fcr Cl\u00ednica Rotger auf Mallorca"},"content":{"rendered":"<p>Die\u00a0<strong>Cl\u00ednica Rotger<\/strong>\u00a0und das\u00a0<strong>Krankenhaus Hospital Quir\u00f3nsalud Palmaplanas<\/strong>\u00a0in Palma de Mallorca sind die beiden am besten bewerteten privaten\u00a0Krankenh\u00e4user auf den Balearen. Das geht laut einer Pressemitteilung der Klinikgruppe aus dem j\u00fcngsten \u201e\u00cdndice de Excelencia Hospitalaria&#8221; hervor.<\/p>\n","protected":false},"excerpt":{"rendered":"<p>Die\u00a0Cl\u00ednica Rotger\u00a0und das\u00a0Krankenhaus Hospital Quir\u00f3nsalud Palmaplanas\u00a0in Palma de Mallorca sind die beiden am besten bewerteten privaten\u00a0Krankenh\u00e4user auf den Balearen. Das geht laut einer Pressemitteilung der Klinikgruppe aus dem j\u00fcngsten \u201e\u00cdndice de Excelencia Hospitalaria&#8221; hervor.<\/p>\n","protected":false},"author":2,"featured_media":13543,"comment_status":"closed","ping_status":"closed","sticky":false,"template":"","format":"link","meta":{"_price":"","_stock":"","_tribe_ticket_header":"","_tribe_default_ticket_provider":"","_tribe_ticket_capacity":"0","_ticket_start_date":"","_ticket_end_date":"","_tribe_ticket_show_description":"","_tribe_ticket_show_not_going":false,"_tribe_ticket_use_global_stock":"","_tribe_ticket_global_stock_level":"","_global_stock_mode":"","_global_stock_cap":"","_tribe_rsvp_for_event":"","_tribe_ticket_going_count":"","_tribe_ticket_not_going_count":"","_tribe_tickets_list":"[]","_tribe_ticket_has_attendee_info_fields":false,"footnotes":""},"categories":[335],"tags":[],"class_list":["post-13540","post","type-post","status-publish","format-link","has-post-thumbnail","hentry","category-neuigkeiten-rotger-klinic","post_format-post-format-link"],"yoast_head":"<!-- This site is optimized with the Yoast SEO plugin v26.8 - https:\/\/yoast.com\/product\/yoast-seo-wordpress\/ -->\n<title>Cl\u00ednica Rotger | Auszeichnung f\u00fcr Cl\u00ednica Rotger auf Mallorca<\/title>\n<meta name=\"description\" content=\"Die\u00a0Cl\u00ednica Rotger\u00a0und das\u00a0Krankenhaus Hospital Quir\u00f3nsalud Palmaplanas\u00a0in Palma de Mallorca sind die beiden am besten bewerteten privaten...\" \/>\n<meta name=\"robots\" content=\"index, follow, max-snippet:-1, max-image-preview:large, max-video-preview:-1\" \/>\n<link rel=\"canonical\" href=\"https:\/\/www.clinicarotger.com\/de\/neuigkeiten-rotger-klinic\/clinica-rotger-auszeichnung-fuer-clinica-rotger-mallorca-krankenhaus\/\" \/>\n<meta property=\"og:locale\" content=\"de_DE\" \/>\n<meta property=\"og:type\" content=\"article\" \/>\n<meta property=\"og:title\" content=\"Cl\u00ednica Rotger | Auszeichnung f\u00fcr Cl\u00ednica Rotger auf Mallorca\" \/>\n<meta property=\"og:description\" content=\"Die\u00a0Cl\u00ednica Rotger\u00a0und das\u00a0Krankenhaus Hospital Quir\u00f3nsalud Palmaplanas\u00a0in Palma de Mallorca sind die beiden am besten bewerteten privaten...\" \/>\n<meta property=\"og:url\" content=\"https:\/\/www.clinicarotger.com\/de\/neuigkeiten-rotger-klinic\/clinica-rotger-auszeichnung-fuer-clinica-rotger-mallorca-krankenhaus\/\" \/>\n<meta property=\"og:site_name\" content=\"Clinica Rotger\" \/>\n<meta property=\"article:publisher\" content=\"https:\/\/www.facebook.com\/clinica.rotger\/\" \/>\n<meta property=\"article:published_time\" content=\"2021-02-01T12:50:44+00:00\" \/>\n<meta property=\"article:modified_time\" content=\"2021-12-14T09:57:12+00:00\" \/>\n<meta property=\"og:image\" content=\"https:\/\/www.clinicarotger.com\/wp-content\/uploads\/2021\/02\/Auszeichnung-Fur-Clinica-Rotger.jpg\" \/>\n\t<meta property=\"og:image:width\" content=\"1600\" \/>\n\t<meta property=\"og:image:height\" content=\"1067\" \/>\n\t<meta property=\"og:image:type\" content=\"image\/jpeg\" \/>\n<meta name=\"author\" content=\"Javier Ferrer\" \/>\n<meta name=\"twitter:card\" content=\"summary_large_image\" \/>\n<meta name=\"twitter:creator\" content=\"@clinicarotger\" \/>\n<meta name=\"twitter:site\" content=\"@clinicarotger\" \/>\n<meta name=\"twitter:label1\" content=\"Verfasst von\" \/>\n\t<meta name=\"twitter:data1\" content=\"Javier Ferrer\" \/>\n\t<meta name=\"twitter:label2\" content=\"Gesch\u00e4tzte Lesezeit\" \/>\n\t<meta name=\"twitter:data2\" content=\"1\u00a0Minute\" \/>\n<script type=\"application\/ld+json\" class=\"yoast-schema-graph\">{\"@context\":\"https:\/\/schema.org\",\"@graph\":[{\"@type\":\"Article\",\"@id\":\"https:\/\/www.clinicarotger.com\/de\/neuigkeiten-rotger-klinic\/clinica-rotger-auszeichnung-fuer-clinica-rotger-mallorca-krankenhaus\/#article\",\"isPartOf\":{\"@id\":\"https:\/\/www.clinicarotger.com\/de\/neuigkeiten-rotger-klinic\/clinica-rotger-auszeichnung-fuer-clinica-rotger-mallorca-krankenhaus\/\"},\"author\":{\"name\":\"Javier Ferrer\",\"@id\":\"https:\/\/www.clinicarotger.com\/de\/#\/schema\/person\/34f551bfa19f352a9794604eac5407ef\"},\"headline\":\"Auszeichnung f\u00fcr Cl\u00ednica Rotger auf Mallorca\",\"datePublished\":\"2021-02-01T12:50:44+00:00\",\"dateModified\":\"2021-12-14T09:57:12+00:00\",\"mainEntityOfPage\":{\"@id\":\"https:\/\/www.clinicarotger.com\/de\/neuigkeiten-rotger-klinic\/clinica-rotger-auszeichnung-fuer-clinica-rotger-mallorca-krankenhaus\/\"},\"wordCount\":51,\"publisher\":{\"@id\":\"https:\/\/www.clinicarotger.com\/de\/#organization\"},\"image\":{\"@id\":\"https:\/\/www.clinicarotger.com\/de\/neuigkeiten-rotger-klinic\/clinica-rotger-auszeichnung-fuer-clinica-rotger-mallorca-krankenhaus\/#primaryimage\"},\"thumbnailUrl\":\"https:\/\/www.clinicarotger.com\/wp-content\/uploads\/2021\/02\/Auszeichnung-Fur-Clinica-Rotger.jpg\",\"articleSection\":[\"Neuigkeiten Rotger Klinic\"],\"inLanguage\":\"de\"},{\"@type\":\"WebPage\",\"@id\":\"https:\/\/www.clinicarotger.com\/de\/neuigkeiten-rotger-klinic\/clinica-rotger-auszeichnung-fuer-clinica-rotger-mallorca-krankenhaus\/\",\"url\":\"https:\/\/www.clinicarotger.com\/de\/neuigkeiten-rotger-klinic\/clinica-rotger-auszeichnung-fuer-clinica-rotger-mallorca-krankenhaus\/\",\"name\":\"Cl\u00ednica Rotger | Auszeichnung f\u00fcr Cl\u00ednica Rotger auf Mallorca\",\"isPartOf\":{\"@id\":\"https:\/\/www.clinicarotger.com\/de\/#website\"},\"primaryImageOfPage\":{\"@id\":\"https:\/\/www.clinicarotger.com\/de\/neuigkeiten-rotger-klinic\/clinica-rotger-auszeichnung-fuer-clinica-rotger-mallorca-krankenhaus\/#primaryimage\"},\"image\":{\"@id\":\"https:\/\/www.clinicarotger.com\/de\/neuigkeiten-rotger-klinic\/clinica-rotger-auszeichnung-fuer-clinica-rotger-mallorca-krankenhaus\/#primaryimage\"},\"thumbnailUrl\":\"https:\/\/www.clinicarotger.com\/wp-content\/uploads\/2021\/02\/Auszeichnung-Fur-Clinica-Rotger.jpg\",\"datePublished\":\"2021-02-01T12:50:44+00:00\",\"dateModified\":\"2021-12-14T09:57:12+00:00\",\"description\":\"Die\u00a0Cl\u00ednica Rotger\u00a0und das\u00a0Krankenhaus Hospital Quir\u00f3nsalud Palmaplanas\u00a0in Palma de Mallorca sind die beiden am besten bewerteten privaten...\",\"breadcrumb\":{\"@id\":\"https:\/\/www.clinicarotger.com\/de\/neuigkeiten-rotger-klinic\/clinica-rotger-auszeichnung-fuer-clinica-rotger-mallorca-krankenhaus\/#breadcrumb\"},\"inLanguage\":\"de\",\"potentialAction\":[{\"@type\":\"ReadAction\",\"target\":[\"https:\/\/www.clinicarotger.com\/de\/neuigkeiten-rotger-klinic\/clinica-rotger-auszeichnung-fuer-clinica-rotger-mallorca-krankenhaus\/\"]}]},{\"@type\":\"ImageObject\",\"inLanguage\":\"de\",\"@id\":\"https:\/\/www.clinicarotger.com\/de\/neuigkeiten-rotger-klinic\/clinica-rotger-auszeichnung-fuer-clinica-rotger-mallorca-krankenhaus\/#primaryimage\",\"url\":\"https:\/\/www.clinicarotger.com\/wp-content\/uploads\/2021\/02\/Auszeichnung-Fur-Clinica-Rotger.jpg\",\"contentUrl\":\"https:\/\/www.clinicarotger.com\/wp-content\/uploads\/2021\/02\/Auszeichnung-Fur-Clinica-Rotger.jpg\",\"width\":1600,\"height\":1067,\"caption\":\"Auszeichnung-Fur-Cl\u00ednica-Rotger\"},{\"@type\":\"BreadcrumbList\",\"@id\":\"https:\/\/www.clinicarotger.com\/de\/neuigkeiten-rotger-klinic\/clinica-rotger-auszeichnung-fuer-clinica-rotger-mallorca-krankenhaus\/#breadcrumb\",\"itemListElement\":[{\"@type\":\"ListItem\",\"position\":1,\"name\":\"Inicio\",\"item\":\"https:\/\/www.clinicarotger.com\/de\/\"},{\"@type\":\"ListItem\",\"position\":2,\"name\":\"Auszeichnung f\u00fcr Cl\u00ednica Rotger auf Mallorca\"}]},{\"@type\":\"WebSite\",\"@id\":\"https:\/\/www.clinicarotger.com\/de\/#website\",\"url\":\"https:\/\/www.clinicarotger.com\/de\/\",\"name\":\"Clinica Rotger\",\"description\":\"Krankenhaus Mallorca\",\"publisher\":{\"@id\":\"https:\/\/www.clinicarotger.com\/de\/#organization\"},\"potentialAction\":[{\"@type\":\"SearchAction\",\"target\":{\"@type\":\"EntryPoint\",\"urlTemplate\":\"https:\/\/www.clinicarotger.com\/de\/?s={search_term_string}\"},\"query-input\":{\"@type\":\"PropertyValueSpecification\",\"valueRequired\":true,\"valueName\":\"search_term_string\"}}],\"inLanguage\":\"de\"},{\"@type\":\"Organization\",\"@id\":\"https:\/\/www.clinicarotger.com\/de\/#organization\",\"name\":\"Cl\u00ednica Rotger\",\"url\":\"https:\/\/www.clinicarotger.com\/de\/\",\"logo\":{\"@type\":\"ImageObject\",\"inLanguage\":\"de\",\"@id\":\"https:\/\/www.clinicarotger.com\/de\/#\/schema\/logo\/image\/\",\"url\":\"https:\/\/www.clinicarotger.com\/wp-content\/uploads\/2019\/11\/clinica-rotger-logo-top.png\",\"contentUrl\":\"https:\/\/www.clinicarotger.com\/wp-content\/uploads\/2019\/11\/clinica-rotger-logo-top.png\",\"width\":324,\"height\":104,\"caption\":\"Cl\u00ednica Rotger\"},\"image\":{\"@id\":\"https:\/\/www.clinicarotger.com\/de\/#\/schema\/logo\/image\/\"},\"sameAs\":[\"https:\/\/www.facebook.com\/clinica.rotger\/\",\"https:\/\/x.com\/clinicarotger\",\"https:\/\/twitter.com\/clinicarotger\",\"https:\/\/www.instagram.com\/quironsalud\/\",\"https:\/\/www.youtube.com\/channel\/UC1Xp5xg-r2Au-kQdIorviwg\"]},{\"@type\":\"Person\",\"@id\":\"https:\/\/www.clinicarotger.com\/de\/#\/schema\/person\/34f551bfa19f352a9794604eac5407ef\",\"name\":\"Javier Ferrer\",\"sameAs\":[\"http:\/\/weyketing.com\"]}]}<\/script>\n<!-- \/ Yoast SEO plugin. -->","yoast_head_json":{"title":"Cl\u00ednica Rotger | Auszeichnung f\u00fcr Cl\u00ednica Rotger auf Mallorca","description":"Die\u00a0Cl\u00ednica Rotger\u00a0und das\u00a0Krankenhaus Hospital Quir\u00f3nsalud Palmaplanas\u00a0in Palma de Mallorca sind die beiden am besten bewerteten privaten...","robots":{"index":"index","follow":"follow","max-snippet":"max-snippet:-1","max-image-preview":"max-image-preview:large","max-video-preview":"max-video-preview:-1"},"canonical":"https:\/\/www.clinicarotger.com\/de\/neuigkeiten-rotger-klinic\/clinica-rotger-auszeichnung-fuer-clinica-rotger-mallorca-krankenhaus\/","og_locale":"de_DE","og_type":"article","og_title":"Cl\u00ednica Rotger | Auszeichnung f\u00fcr Cl\u00ednica Rotger auf Mallorca","og_description":"Die\u00a0Cl\u00ednica Rotger\u00a0und das\u00a0Krankenhaus Hospital Quir\u00f3nsalud Palmaplanas\u00a0in Palma de Mallorca sind die beiden am besten bewerteten privaten...","og_url":"https:\/\/www.clinicarotger.com\/de\/neuigkeiten-rotger-klinic\/clinica-rotger-auszeichnung-fuer-clinica-rotger-mallorca-krankenhaus\/","og_site_name":"Clinica Rotger","article_publisher":"https:\/\/www.facebook.com\/clinica.rotger\/","article_published_time":"2021-02-01T12:50:44+00:00","article_modified_time":"2021-12-14T09:57:12+00:00","og_image":[{"width":1600,"height":1067,"url":"https:\/\/www.clinicarotger.com\/wp-content\/uploads\/2021\/02\/Auszeichnung-Fur-Clinica-Rotger.jpg","type":"image\/jpeg"}],"author":"Javier Ferrer","twitter_card":"summary_large_image","twitter_creator":"@clinicarotger","twitter_site":"@clinicarotger","twitter_misc":{"Verfasst von":"Javier Ferrer","Gesch\u00e4tzte Lesezeit":"1\u00a0Minute"},"schema":{"@context":"https:\/\/schema.org","@graph":[{"@type":"Article","@id":"https:\/\/www.clinicarotger.com\/de\/neuigkeiten-rotger-klinic\/clinica-rotger-auszeichnung-fuer-clinica-rotger-mallorca-krankenhaus\/#article","isPartOf":{"@id":"https:\/\/www.clinicarotger.com\/de\/neuigkeiten-rotger-klinic\/clinica-rotger-auszeichnung-fuer-clinica-rotger-mallorca-krankenhaus\/"},"author":{"name":"Javier Ferrer","@id":"https:\/\/www.clinicarotger.com\/de\/#\/schema\/person\/34f551bfa19f352a9794604eac5407ef"},"headline":"Auszeichnung f\u00fcr Cl\u00ednica Rotger auf Mallorca","datePublished":"2021-02-01T12:50:44+00:00","dateModified":"2021-12-14T09:57:12+00:00","mainEntityOfPage":{"@id":"https:\/\/www.clinicarotger.com\/de\/neuigkeiten-rotger-klinic\/clinica-rotger-auszeichnung-fuer-clinica-rotger-mallorca-krankenhaus\/"},"wordCount":51,"publisher":{"@id":"https:\/\/www.clinicarotger.com\/de\/#organization"},"image":{"@id":"https:\/\/www.clinicarotger.com\/de\/neuigkeiten-rotger-klinic\/clinica-rotger-auszeichnung-fuer-clinica-rotger-mallorca-krankenhaus\/#primaryimage"},"thumbnailUrl":"https:\/\/www.clinicarotger.com\/wp-content\/uploads\/2021\/02\/Auszeichnung-Fur-Clinica-Rotger.jpg","articleSection":["Neuigkeiten Rotger Klinic"],"inLanguage":"de"},{"@type":"WebPage","@id":"https:\/\/www.clinicarotger.com\/de\/neuigkeiten-rotger-klinic\/clinica-rotger-auszeichnung-fuer-clinica-rotger-mallorca-krankenhaus\/","url":"https:\/\/www.clinicarotger.com\/de\/neuigkeiten-rotger-klinic\/clinica-rotger-auszeichnung-fuer-clinica-rotger-mallorca-krankenhaus\/","name":"Cl\u00ednica Rotger | Auszeichnung f\u00fcr Cl\u00ednica Rotger auf Mallorca","isPartOf":{"@id":"https:\/\/www.clinicarotger.com\/de\/#website"},"primaryImageOfPage":{"@id":"https:\/\/www.clinicarotger.com\/de\/neuigkeiten-rotger-klinic\/clinica-rotger-auszeichnung-fuer-clinica-rotger-mallorca-krankenhaus\/#primaryimage"},"image":{"@id":"https:\/\/www.clinicarotger.com\/de\/neuigkeiten-rotger-klinic\/clinica-rotger-auszeichnung-fuer-clinica-rotger-mallorca-krankenhaus\/#primaryimage"},"thumbnailUrl":"https:\/\/www.clinicarotger.com\/wp-content\/uploads\/2021\/02\/Auszeichnung-Fur-Clinica-Rotger.jpg","datePublished":"2021-02-01T12:50:44+00:00","dateModified":"2021-12-14T09:57:12+00:00","description":"Die\u00a0Cl\u00ednica Rotger\u00a0und das\u00a0Krankenhaus Hospital Quir\u00f3nsalud Palmaplanas\u00a0in Palma de Mallorca sind die beiden am besten bewerteten privaten...","breadcrumb":{"@id":"https:\/\/www.clinicarotger.com\/de\/neuigkeiten-rotger-klinic\/clinica-rotger-auszeichnung-fuer-clinica-rotger-mallorca-krankenhaus\/#breadcrumb"},"inLanguage":"de","potentialAction":[{"@type":"ReadAction","target":["https:\/\/www.clinicarotger.com\/de\/neuigkeiten-rotger-klinic\/clinica-rotger-auszeichnung-fuer-clinica-rotger-mallorca-krankenhaus\/"]}]},{"@type":"ImageObject","inLanguage":"de","@id":"https:\/\/www.clinicarotger.com\/de\/neuigkeiten-rotger-klinic\/clinica-rotger-auszeichnung-fuer-clinica-rotger-mallorca-krankenhaus\/#primaryimage","url":"https:\/\/www.clinicarotger.com\/wp-content\/uploads\/2021\/02\/Auszeichnung-Fur-Clinica-Rotger.jpg","contentUrl":"https:\/\/www.clinicarotger.com\/wp-content\/uploads\/2021\/02\/Auszeichnung-Fur-Clinica-Rotger.jpg","width":1600,"height":1067,"caption":"Auszeichnung-Fur-Cl\u00ednica-Rotger"},{"@type":"BreadcrumbList","@id":"https:\/\/www.clinicarotger.com\/de\/neuigkeiten-rotger-klinic\/clinica-rotger-auszeichnung-fuer-clinica-rotger-mallorca-krankenhaus\/#breadcrumb","itemListElement":[{"@type":"ListItem","position":1,"name":"Inicio","item":"https:\/\/www.clinicarotger.com\/de\/"},{"@type":"ListItem","position":2,"name":"Auszeichnung f\u00fcr Cl\u00ednica Rotger auf Mallorca"}]},{"@type":"WebSite","@id":"https:\/\/www.clinicarotger.com\/de\/#website","url":"https:\/\/www.clinicarotger.com\/de\/","name":"Clinica Rotger","description":"Krankenhaus Mallorca","publisher":{"@id":"https:\/\/www.clinicarotger.com\/de\/#organization"},"potentialAction":[{"@type":"SearchAction","target":{"@type":"EntryPoint","urlTemplate":"https:\/\/www.clinicarotger.com\/de\/?s={search_term_string}"},"query-input":{"@type":"PropertyValueSpecification","valueRequired":true,"valueName":"search_term_string"}}],"inLanguage":"de"},{"@type":"Organization","@id":"https:\/\/www.clinicarotger.com\/de\/#organization","name":"Cl\u00ednica Rotger","url":"https:\/\/www.clinicarotger.com\/de\/","logo":{"@type":"ImageObject","inLanguage":"de","@id":"https:\/\/www.clinicarotger.com\/de\/#\/schema\/logo\/image\/","url":"https:\/\/www.clinicarotger.com\/wp-content\/uploads\/2019\/11\/clinica-rotger-logo-top.png","contentUrl":"https:\/\/www.clinicarotger.com\/wp-content\/uploads\/2019\/11\/clinica-rotger-logo-top.png","width":324,"height":104,"caption":"Cl\u00ednica Rotger"},"image":{"@id":"https:\/\/www.clinicarotger.com\/de\/#\/schema\/logo\/image\/"},"sameAs":["https:\/\/www.facebook.com\/clinica.rotger\/","https:\/\/x.com\/clinicarotger","https:\/\/twitter.com\/clinicarotger","https:\/\/www.instagram.com\/quironsalud\/","https:\/\/www.youtube.com\/channel\/UC1Xp5xg-r2Au-kQdIorviwg"]},{"@type":"Person","@id":"https:\/\/www.clinicarotger.com\/de\/#\/schema\/person\/34f551bfa19f352a9794604eac5407ef","name":"Javier Ferrer","sameAs":["http:\/\/weyketing.com"]}]}},"_links":{"self":[{"href":"https:\/\/www.clinicarotger.com\/de\/wp-json\/wp\/v2\/posts\/13540","targetHints":{"allow":["GET"]}}],"collection":[{"href":"https:\/\/www.clinicarotger.com\/de\/wp-json\/wp\/v2\/posts"}],"about":[{"href":"https:\/\/www.clinicarotger.com\/de\/wp-json\/wp\/v2\/types\/post"}],"author":[{"embeddable":true,"href":"https:\/\/www.clinicarotger.com\/de\/wp-json\/wp\/v2\/users\/2"}],"replies":[{"embeddable":true,"href":"https:\/\/www.clinicarotger.com\/de\/wp-json\/wp\/v2\/comments?post=13540"}],"version-history":[{"count":3,"href":"https:\/\/www.clinicarotger.com\/de\/wp-json\/wp\/v2\/posts\/13540\/revisions"}],"predecessor-version":[{"id":18209,"href":"https:\/\/www.clinicarotger.com\/de\/wp-json\/wp\/v2\/posts\/13540\/revisions\/18209"}],"wp:featuredmedia":[{"embeddable":true,"href":"https:\/\/www.clinicarotger.com\/de\/wp-json\/wp\/v2\/media\/13543"}],"wp:attachment":[{"href":"https:\/\/www.clinicarotger.com\/de\/wp-json\/wp\/v2\/media?parent=13540"}],"wp:term":[{"taxonomy":"category","embeddable":true,"href":"https:\/\/www.clinicarotger.com\/de\/wp-json\/wp\/v2\/categories?post=13540"},{"taxonomy":"post_tag","embeddable":true,"href":"https:\/\/www.clinicarotger.com\/de\/wp-json\/wp\/v2\/tags?post=13540"}],"curies":[{"name":"wp","href":"https:\/\/api.w.org\/{rel}","templated":true}]}}